{"id":13462,"date":"2024-04-26T10:14:46","date_gmt":"2024-04-26T10:14:46","guid":{"rendered":"https:\/\/aspanin.cat\/sant-jordi-2024\/"},"modified":"2024-04-26T11:55:03","modified_gmt":"2024-04-26T11:55:03","slug":"sant-jordi-2024","status":"publish","type":"post","link":"https:\/\/aspanin.cat\/es\/sant-jordi-2024\/","title":{"rendered":"Sant Jordi 2024"},"content":{"rendered":"\t\t<div data-elementor-type=\"wp-post\" data-elementor-id=\"13462\" class=\"elementor elementor-13462 elementor-13444\" data-elementor-post-type=\"post\">\n\t\t\t\t\t\t<section class=\"elementor-section elementor-top-section elementor-element elementor-element-5a85893a elementor-section-boxed elementor-section-height-default elementor-section-height-default\" data-id=\"5a85893a\" data-element_type=\"section\" data-e-type=\"section\">\n\t\t\t\t\t\t<div class=\"elementor-container elementor-column-gap-default\">\n\t\t\t\t\t<div class=\"elementor-column elementor-col-100 elementor-top-column elementor-element elementor-element-147f808b\" data-id=\"147f808b\" data-element_type=\"column\" data-e-type=\"column\">\n\t\t\t<div class=\"elementor-widget-wrap elementor-element-populated\">\n\t\t\t\t\t\t<div class=\"elementor-element elementor-element-2a12aa8d elementor-widget elementor-widget-text-editor\" data-id=\"2a12aa8d\" data-element_type=\"widget\" data-e-type=\"widget\" data-widget_type=\"text-editor.default\">\n\t\t\t\t\t\t\t\t\t<p><strong>Un Sant Jordi en lectura f\u00e1cil.<\/strong><\/p>\n<p>Sant Jordi fue un martes<\/p>\n<p>con fr\u00edo y nubes.<\/p>\n<p>Pero fue un d\u00eda bonito,<\/p>\n<p>que la gente pudo <strong>disfrutar.<\/strong><\/p>\n<p>En nuestra parad\u00e1 vend\u00edamos:<\/p>\n<ul>\n<li>rosas<\/li>\n<li>cuentos<\/li>\n<li>jabones hechos por nosotros<\/li>\n<li>rosas hechos por nosotros<\/li>\n<li>gorras<\/li>\n<li>bolsas<\/li>\n<\/ul>\n<p>Trabajadoras y voluntarias de Aspanin<\/p>\n<p>se <strong>implicaron<\/strong> para<br \/>celebrar el d\u00eda.<\/p>\n<p>Y el grupo de costura hizo rosas con ropa.<\/p>\n<p>Pero personas de fuera de Aspanin<\/p>\n<p>tambi\u00e9n <strong>colaborararon<\/strong>. . <br \/> .<\/p>\n<p>Visitando la parada y comprando.<\/p>\n<p>O como la Cl\u00ednica Mora<\/p>\n<p>que vendi\u00f3 la rosa <strong>solidaria.<\/strong><br \/>para la entidad.<\/p>\n<p>O Iriteb Badalona que nos ayud\u00f3<\/p>\n<p>a hacer jabones y puntos de libro.<\/p>\n<p>I al final, incluso con fr\u00edo,<\/p>\n<p>pudimos <strong>disfrutar <\/strong><\/p>\n<p>del d\u00eda m\u00e1s bonito del a\u00f1o.<\/p>\n<p>Este art\u00edculo lo hemos hecho<\/p>\n<p>en lectura f\u00e1cil.<\/p>\n<p>Porqu\u00e9 por Sant Jordi,<\/p>\n<p>queremos acercar la lectura a todos y todas.<\/p>\n\t\t\t\t\t\t\t\t<\/div>\n\t\t\t\t<div class=\"elementor-element elementor-element-66e70df elementor-widget elementor-widget-gallery\" data-id=\"66e70df\" data-element_type=\"widget\" data-e-type=\"widget\" data-settings=\"{&quot;lazyload&quot;:&quot;yes&quot;,&quot;gallery_layout&quot;:&quot;grid&quot;,&quot;columns&quot;:4,&quot;columns_tablet&quot;:2,&quot;columns_mobile&quot;:1,&quot;gap&quot;:{&quot;unit&quot;:&quot;px&quot;,&quot;size&quot;:10,&quot;sizes&quot;:[]},&quot;gap_tablet&quot;:{&quot;unit&quot;:&quot;px&quot;,&quot;size&quot;:10,&quot;sizes&quot;:[]},&quot;gap_mobile&quot;:{&quot;unit&quot;:&quot;px&quot;,&quot;size&quot;:10,&quot;sizes&quot;:[]},&quot;link_to&quot;:&quot;file&quot;,&quot;aspect_ratio&quot;:&quot;3:2&quot;,&quot;overlay_background&quot;:&quot;yes&quot;,&quot;content_hover_animation&quot;:&quot;fade-in&quot;}\" data-widget_type=\"gallery.default\">\n\t\t\t\t\t\t\t<div class=\"elementor-gallery__container\">\n\t\t\t\t\t\t\t<a class=\"e-gallery-item elementor-gallery-item elementor-animated-content\" href=\"https:\/\/aspanin.cat\/wp-content\/uploads\/2024\/04\/WhatsApp-Image-2024-04-24-at-09.41.04-1-scaled.jpeg\" data-elementor-open-lightbox=\"yes\" data-elementor-lightbox-slideshow=\"66e70df\" data-elementor-lightbox-title=\"WhatsApp Image 2024-04-24 at 09.41.04 (1)\" data-e-action-hash=\"#elementor-action%3Aaction%3Dlightbox%26settings%3DeyJpZCI6MTM0NTEsInVybCI6Imh0dHBzOlwvXC9hc3BhbmluLmNhdFwvd3AtY29udGVudFwvdXBsb2Fkc1wvMjAyNFwvMDRcL1doYXRzQXBwLUltYWdlLTIwMjQtMDQtMjQtYXQtMDkuNDEuMDQtMS1zY2FsZWQuanBlZyIsInNsaWRlc2hvdyI6IjY2ZTcwZGYifQ%3D%3D\">\n\t\t\t\t\t<div class=\"e-gallery-image elementor-gallery-item__image\" data-thumbnail=\"https:\/\/aspanin.cat\/wp-content\/uploads\/2024\/04\/WhatsApp-Image-2024-04-24-at-09.41.04-1-300x226.jpeg\" data-width=\"300\" data-height=\"226\" aria-label=\"\" role=\"img\" ><\/div>\n\t\t\t\t\t\t\t\t\t\t\t<div class=\"elementor-gallery-item__overlay\"><\/div>\n\t\t\t\t\t\t\t\t\t\t\t\t\t\t<\/a>\n\t\t\t\t\t\t\t<a class=\"e-gallery-item elementor-gallery-item elementor-animated-content\" href=\"https:\/\/aspanin.cat\/wp-content\/uploads\/2024\/04\/WhatsApp-Image-2024-04-24-at-09.41.04-2.jpeg\" data-elementor-open-lightbox=\"yes\" data-elementor-lightbox-slideshow=\"66e70df\" data-elementor-lightbox-title=\"WhatsApp Image 2024-04-24 at 09.41.04 (2)\" data-e-action-hash=\"#elementor-action%3Aaction%3Dlightbox%26settings%3DeyJpZCI6MTM0NTMsInVybCI6Imh0dHBzOlwvXC9hc3BhbmluLmNhdFwvd3AtY29udGVudFwvdXBsb2Fkc1wvMjAyNFwvMDRcL1doYXRzQXBwLUltYWdlLTIwMjQtMDQtMjQtYXQtMDkuNDEuMDQtMi5qcGVnIiwic2xpZGVzaG93IjoiNjZlNzBkZiJ9\">\n\t\t\t\t\t<div class=\"e-gallery-image elementor-gallery-item__image\" data-thumbnail=\"https:\/\/aspanin.cat\/wp-content\/uploads\/2024\/04\/WhatsApp-Image-2024-04-24-at-09.41.04-2-300x300.jpeg\" data-width=\"300\" data-height=\"300\" aria-label=\"\" role=\"img\" ><\/div>\n\t\t\t\t\t\t\t\t\t\t\t<div class=\"elementor-gallery-item__overlay\"><\/div>\n\t\t\t\t\t\t\t\t\t\t\t\t\t\t<\/a>\n\t\t\t\t\t\t\t<a class=\"e-gallery-item elementor-gallery-item elementor-animated-content\" href=\"https:\/\/aspanin.cat\/wp-content\/uploads\/2024\/04\/WhatsApp-Image-2024-04-24-at-09.41.04-3.jpeg\" data-elementor-open-lightbox=\"yes\" data-elementor-lightbox-slideshow=\"66e70df\" data-elementor-lightbox-title=\"WhatsApp Image 2024-04-24 at 09.41.04 (3)\" data-e-action-hash=\"#elementor-action%3Aaction%3Dlightbox%26settings%3DeyJpZCI6MTM0NDcsInVybCI6Imh0dHBzOlwvXC9hc3BhbmluLmNhdFwvd3AtY29udGVudFwvdXBsb2Fkc1wvMjAyNFwvMDRcL1doYXRzQXBwLUltYWdlLTIwMjQtMDQtMjQtYXQtMDkuNDEuMDQtMy5qcGVnIiwic2xpZGVzaG93IjoiNjZlNzBkZiJ9\">\n\t\t\t\t\t<div class=\"e-gallery-image elementor-gallery-item__image\" data-thumbnail=\"https:\/\/aspanin.cat\/wp-content\/uploads\/2024\/04\/WhatsApp-Image-2024-04-24-at-09.41.04-3-300x300.jpeg\" data-width=\"300\" data-height=\"300\" aria-label=\"\" role=\"img\" ><\/div>\n\t\t\t\t\t\t\t\t\t\t\t<div class=\"elementor-gallery-item__overlay\"><\/div>\n\t\t\t\t\t\t\t\t\t\t\t\t\t\t<\/a>\n\t\t\t\t\t\t\t<a class=\"e-gallery-item elementor-gallery-item elementor-animated-content\" href=\"https:\/\/aspanin.cat\/wp-content\/uploads\/2024\/04\/IMG_9924-scaled.jpg\" data-elementor-open-lightbox=\"yes\" data-elementor-lightbox-slideshow=\"66e70df\" data-elementor-lightbox-title=\"IMG_9924\" data-e-action-hash=\"#elementor-action%3Aaction%3Dlightbox%26settings%3DeyJpZCI6MTM0NTcsInVybCI6Imh0dHBzOlwvXC9hc3BhbmluLmNhdFwvd3AtY29udGVudFwvdXBsb2Fkc1wvMjAyNFwvMDRcL0lNR185OTI0LXNjYWxlZC5qcGciLCJzbGlkZXNob3ciOiI2NmU3MGRmIn0%3D\">\n\t\t\t\t\t<div class=\"e-gallery-image elementor-gallery-item__image\" data-thumbnail=\"https:\/\/aspanin.cat\/wp-content\/uploads\/2024\/04\/IMG_9924-225x300.jpg\" data-width=\"225\" data-height=\"300\" aria-label=\"\" role=\"img\" ><\/div>\n\t\t\t\t\t\t\t\t\t\t\t<div class=\"elementor-gallery-item__overlay\"><\/div>\n\t\t\t\t\t\t\t\t\t\t\t\t\t\t<\/a>\n\t\t\t\t\t\t\t<a class=\"e-gallery-item elementor-gallery-item elementor-animated-content\" href=\"https:\/\/aspanin.cat\/wp-content\/uploads\/2024\/04\/post-sant-jordi.jpg\" data-elementor-open-lightbox=\"yes\" data-elementor-lightbox-slideshow=\"66e70df\" data-elementor-lightbox-title=\"post sant jordi\" data-e-action-hash=\"#elementor-action%3Aaction%3Dlightbox%26settings%3DeyJpZCI6MTM0NDUsInVybCI6Imh0dHBzOlwvXC9hc3BhbmluLmNhdFwvd3AtY29udGVudFwvdXBsb2Fkc1wvMjAyNFwvMDRcL3Bvc3Qtc2FudC1qb3JkaS5qcGciLCJzbGlkZXNob3ciOiI2NmU3MGRmIn0%3D\">\n\t\t\t\t\t<div class=\"e-gallery-image elementor-gallery-item__image\" data-thumbnail=\"https:\/\/aspanin.cat\/wp-content\/uploads\/2024\/04\/post-sant-jordi-300x300.jpg\" data-width=\"300\" data-height=\"300\" aria-label=\"\" role=\"img\" ><\/div>\n\t\t\t\t\t\t\t\t\t\t\t<div class=\"elementor-gallery-item__overlay\"><\/div>\n\t\t\t\t\t\t\t\t\t\t\t\t\t\t<\/a>\n\t\t\t\t\t<\/div>\n\t\t\t\t\t<\/div>\n\t\t\t\t\t<\/div>\n\t\t<\/div>\n\t\t\t\t\t<\/div>\n\t\t<\/section>\n\t\t\t\t<\/div>\n\t\t","protected":false},"excerpt":{"rendered":"<p>Un Sant Jordi en lectura f\u00e1cil. Sant Jordi fue un martes con fr\u00edo y nubes. Pero fue un d\u00eda bonito, que la gente pudo disfrutar. En nuestra parad\u00e1 vend\u00edamos: rosas cuentos jabones hechos por nosotros rosas hechos por nosotros gorras bolsas Trabajadoras y voluntarias de Aspanin se implicaron paracelebrar el d\u00eda. Y el grupo de [&hellip;]<\/p>\n","protected":false},"author":2,"featured_media":13448,"comment_status":"closed","ping_status":"open","sticky":false,"template":"","format":"standard","meta":{"site-sidebar-layout":"default","site-content-layout":"","ast-site-content-layout":"default","site-content-style":"default","site-sidebar-style":"default","ast-global-header-display":"","ast-banner-title-visibility":"","ast-main-header-display":"","ast-hfb-above-header-display":"","ast-hfb-below-header-display":"","ast-hfb-mobile-header-display":"","site-post-title":"","ast-breadcrumbs-content":"","ast-featured-img":"","footer-sml-layout":"","ast-disable-related-posts":"","theme-transparent-header-meta":"default","adv-header-id-meta":"","stick-header-meta":"","header-above-stick-meta":"","header-main-stick-meta":"","header-below-stick-meta":"","astra-migrate-meta-layouts":"default","ast-page-background-enabled":"default","ast-page-background-meta":{"desktop":{"background-color":"var(--ast-global-color-4)","background-image":"","background-repeat":"repeat","background-position":"center center","background-size":"auto","background-attachment":"scroll","background-type":"","background-media":"","overlay-type":"","overlay-color":"","overlay-opacity":"","overlay-gradient":""},"tablet":{"background-color":"","background-image":"","background-repeat":"repeat","background-position":"center center","background-size":"auto","background-attachment":"scroll","background-type":"","background-media":"","overlay-type":"","overlay-color":"","overlay-opacity":"","overlay-gradient":""},"mobile":{"background-color":"","background-image":"","background-repeat":"repeat","background-position":"center center","background-size":"auto","background-attachment":"scroll","background-type":"","background-media":"","overlay-type":"","overlay-color":"","overlay-opacity":"","overlay-gradient":""}},"ast-content-background-meta":{"desktop":{"background-color":"var(--ast-global-color-5)","background-image":"","background-repeat":"repeat","background-position":"center center","background-size":"auto","background-attachment":"scroll","background-type":"","background-media":"","overlay-type":"","overlay-color":"","overlay-opacity":"","overlay-gradient":""},"tablet":{"background-color":"var(--ast-global-color-5)","background-image":"","background-repeat":"repeat","background-position":"center center","background-size":"auto","background-attachment":"scroll","background-type":"","background-media":"","overlay-type":"","overlay-color":"","overlay-opacity":"","overlay-gradient":""},"mobile":{"background-color":"var(--ast-global-color-5)","background-image":"","background-repeat":"repeat","background-position":"center center","background-size":"auto","background-attachment":"scroll","background-type":"","background-media":"","overlay-type":"","overlay-color":"","overlay-opacity":"","overlay-gradient":""}},"footnotes":""},"categories":[1],"tags":[],"class_list":["post-13462","post","type-post","status-publish","format-standard","has-post-thumbnail","hentry","category-sin-categorizar"],"yoast_head":"<!-- This site is optimized with the Yoast SEO plugin v27.5 - https:\/\/yoast.com\/product\/yoast-seo-wordpress\/ -->\n<title>Sant Jordi 2024 - ASPANIN<\/title>\n<meta name=\"robots\" content=\"index, follow, max-snippet:-1, max-image-preview:large, max-video-preview:-1\" \/>\n<link rel=\"canonical\" href=\"https:\/\/aspanin.cat\/es\/sant-jordi-2024\/\" \/>\n<meta property=\"og:locale\" content=\"es_ES\" \/>\n<meta property=\"og:type\" content=\"article\" \/>\n<meta property=\"og:title\" content=\"Sant Jordi 2024 - ASPANIN\" \/>\n<meta property=\"og:description\" content=\"Un Sant Jordi en lectura f\u00e1cil. Sant Jordi fue un martes con fr\u00edo y nubes. Pero fue un d\u00eda bonito, que la gente pudo disfrutar. En nuestra parad\u00e1 vend\u00edamos: rosas cuentos jabones hechos por nosotros rosas hechos por nosotros gorras bolsas Trabajadoras y voluntarias de Aspanin se implicaron paracelebrar el d\u00eda. Y el grupo de [&hellip;]\" \/>\n<meta property=\"og:url\" content=\"https:\/\/aspanin.cat\/es\/sant-jordi-2024\/\" \/>\n<meta property=\"og:site_name\" content=\"ASPANIN\" \/>\n<meta property=\"article:published_time\" content=\"2024-04-26T10:14:46+00:00\" \/>\n<meta property=\"article:modified_time\" content=\"2024-04-26T11:55:03+00:00\" \/>\n<meta property=\"og:image\" content=\"https:\/\/aspanin.cat\/wp-content\/uploads\/2024\/04\/WhatsApp-Image-2024-04-24-at-09.41.04-3.jpeg\" \/>\n\t<meta property=\"og:image:width\" content=\"1200\" \/>\n\t<meta property=\"og:image:height\" content=\"1200\" \/>\n\t<meta property=\"og:image:type\" content=\"image\/jpeg\" \/>\n<meta name=\"author\" content=\"comunicacio\" \/>\n<meta name=\"twitter:card\" content=\"summary_large_image\" \/>\n<meta name=\"twitter:label1\" content=\"Escrito por\" \/>\n\t<meta name=\"twitter:data1\" content=\"comunicacio\" \/>\n\t<meta name=\"twitter:label2\" content=\"Tiempo de lectura\" \/>\n\t<meta name=\"twitter:data2\" content=\"1 minuto\" \/>\n<script type=\"application\/ld+json\" class=\"yoast-schema-graph\">{\"@context\":\"https:\\\/\\\/schema.org\",\"@graph\":[{\"@type\":\"Article\",\"@id\":\"https:\\\/\\\/aspanin.cat\\\/es\\\/sant-jordi-2024\\\/#article\",\"isPartOf\":{\"@id\":\"https:\\\/\\\/aspanin.cat\\\/es\\\/sant-jordi-2024\\\/\"},\"author\":{\"name\":\"comunicacio\",\"@id\":\"https:\\\/\\\/aspanin.cat\\\/es\\\/#\\\/schema\\\/person\\\/bbbea8708fbbac7fb2cac0d8a6c3a92c\"},\"headline\":\"Sant Jordi 2024\",\"datePublished\":\"2024-04-26T10:14:46+00:00\",\"dateModified\":\"2024-04-26T11:55:03+00:00\",\"mainEntityOfPage\":{\"@id\":\"https:\\\/\\\/aspanin.cat\\\/es\\\/sant-jordi-2024\\\/\"},\"wordCount\":148,\"publisher\":{\"@id\":\"https:\\\/\\\/aspanin.cat\\\/es\\\/#organization\"},\"image\":{\"@id\":\"https:\\\/\\\/aspanin.cat\\\/es\\\/sant-jordi-2024\\\/#primaryimage\"},\"thumbnailUrl\":\"https:\\\/\\\/aspanin.cat\\\/wp-content\\\/uploads\\\/2024\\\/04\\\/WhatsApp-Image-2024-04-24-at-09.41.04-3.jpeg\",\"articleSection\":[\"Sin categorizar\"],\"inLanguage\":\"es\"},{\"@type\":\"WebPage\",\"@id\":\"https:\\\/\\\/aspanin.cat\\\/es\\\/sant-jordi-2024\\\/\",\"url\":\"https:\\\/\\\/aspanin.cat\\\/es\\\/sant-jordi-2024\\\/\",\"name\":\"Sant Jordi 2024 - ASPANIN\",\"isPartOf\":{\"@id\":\"https:\\\/\\\/aspanin.cat\\\/es\\\/#website\"},\"primaryImageOfPage\":{\"@id\":\"https:\\\/\\\/aspanin.cat\\\/es\\\/sant-jordi-2024\\\/#primaryimage\"},\"image\":{\"@id\":\"https:\\\/\\\/aspanin.cat\\\/es\\\/sant-jordi-2024\\\/#primaryimage\"},\"thumbnailUrl\":\"https:\\\/\\\/aspanin.cat\\\/wp-content\\\/uploads\\\/2024\\\/04\\\/WhatsApp-Image-2024-04-24-at-09.41.04-3.jpeg\",\"datePublished\":\"2024-04-26T10:14:46+00:00\",\"dateModified\":\"2024-04-26T11:55:03+00:00\",\"inLanguage\":\"es\",\"potentialAction\":[{\"@type\":\"ReadAction\",\"target\":[\"https:\\\/\\\/aspanin.cat\\\/es\\\/sant-jordi-2024\\\/\"]}]},{\"@type\":\"ImageObject\",\"inLanguage\":\"es\",\"@id\":\"https:\\\/\\\/aspanin.cat\\\/es\\\/sant-jordi-2024\\\/#primaryimage\",\"url\":\"https:\\\/\\\/aspanin.cat\\\/wp-content\\\/uploads\\\/2024\\\/04\\\/WhatsApp-Image-2024-04-24-at-09.41.04-3.jpeg\",\"contentUrl\":\"https:\\\/\\\/aspanin.cat\\\/wp-content\\\/uploads\\\/2024\\\/04\\\/WhatsApp-Image-2024-04-24-at-09.41.04-3.jpeg\",\"width\":1200,\"height\":1200},{\"@type\":\"WebSite\",\"@id\":\"https:\\\/\\\/aspanin.cat\\\/es\\\/#website\",\"url\":\"https:\\\/\\\/aspanin.cat\\\/es\\\/\",\"name\":\"ASPANIN\",\"description\":\"Pro persones amb discapacitat intel\u00b7lectual i les seves fam\u00edlies\",\"publisher\":{\"@id\":\"https:\\\/\\\/aspanin.cat\\\/es\\\/#organization\"},\"potentialAction\":[{\"@type\":\"SearchAction\",\"target\":{\"@type\":\"EntryPoint\",\"urlTemplate\":\"https:\\\/\\\/aspanin.cat\\\/es\\\/?s={search_term_string}\"},\"query-input\":{\"@type\":\"PropertyValueSpecification\",\"valueRequired\":true,\"valueName\":\"search_term_string\"}}],\"inLanguage\":\"es\"},{\"@type\":\"Organization\",\"@id\":\"https:\\\/\\\/aspanin.cat\\\/es\\\/#organization\",\"name\":\"ASPANIN\",\"url\":\"https:\\\/\\\/aspanin.cat\\\/es\\\/\",\"logo\":{\"@type\":\"ImageObject\",\"inLanguage\":\"es\",\"@id\":\"https:\\\/\\\/aspanin.cat\\\/es\\\/#\\\/schema\\\/logo\\\/image\\\/\",\"url\":\"https:\\\/\\\/aspanin.cat\\\/wp-content\\\/uploads\\\/2020\\\/07\\\/logo.gif\",\"contentUrl\":\"https:\\\/\\\/aspanin.cat\\\/wp-content\\\/uploads\\\/2020\\\/07\\\/logo.gif\",\"width\":587,\"height\":190,\"caption\":\"ASPANIN\"},\"image\":{\"@id\":\"https:\\\/\\\/aspanin.cat\\\/es\\\/#\\\/schema\\\/logo\\\/image\\\/\"}},{\"@type\":\"Person\",\"@id\":\"https:\\\/\\\/aspanin.cat\\\/es\\\/#\\\/schema\\\/person\\\/bbbea8708fbbac7fb2cac0d8a6c3a92c\",\"name\":\"comunicacio\",\"image\":{\"@type\":\"ImageObject\",\"inLanguage\":\"es\",\"@id\":\"https:\\\/\\\/secure.gravatar.com\\\/avatar\\\/b722203796b4af835d22cacca42cd3c0154c3f9c39f29a59300bd9253e4a84d3?s=96&d=mm&r=g\",\"url\":\"https:\\\/\\\/secure.gravatar.com\\\/avatar\\\/b722203796b4af835d22cacca42cd3c0154c3f9c39f29a59300bd9253e4a84d3?s=96&d=mm&r=g\",\"contentUrl\":\"https:\\\/\\\/secure.gravatar.com\\\/avatar\\\/b722203796b4af835d22cacca42cd3c0154c3f9c39f29a59300bd9253e4a84d3?s=96&d=mm&r=g\",\"caption\":\"comunicacio\"},\"url\":\"https:\\\/\\\/aspanin.cat\\\/es\\\/author\\\/comunicacio\\\/\"}]}<\/script>\n<!-- \/ Yoast SEO plugin. -->","yoast_head_json":{"title":"Sant Jordi 2024 - ASPANIN","robots":{"index":"index","follow":"follow","max-snippet":"max-snippet:-1","max-image-preview":"max-image-preview:large","max-video-preview":"max-video-preview:-1"},"canonical":"https:\/\/aspanin.cat\/es\/sant-jordi-2024\/","og_locale":"es_ES","og_type":"article","og_title":"Sant Jordi 2024 - ASPANIN","og_description":"Un Sant Jordi en lectura f\u00e1cil. Sant Jordi fue un martes con fr\u00edo y nubes. Pero fue un d\u00eda bonito, que la gente pudo disfrutar. En nuestra parad\u00e1 vend\u00edamos: rosas cuentos jabones hechos por nosotros rosas hechos por nosotros gorras bolsas Trabajadoras y voluntarias de Aspanin se implicaron paracelebrar el d\u00eda. Y el grupo de [&hellip;]","og_url":"https:\/\/aspanin.cat\/es\/sant-jordi-2024\/","og_site_name":"ASPANIN","article_published_time":"2024-04-26T10:14:46+00:00","article_modified_time":"2024-04-26T11:55:03+00:00","og_image":[{"width":1200,"height":1200,"url":"https:\/\/aspanin.cat\/wp-content\/uploads\/2024\/04\/WhatsApp-Image-2024-04-24-at-09.41.04-3.jpeg","type":"image\/jpeg"}],"author":"comunicacio","twitter_card":"summary_large_image","twitter_misc":{"Escrito por":"comunicacio","Tiempo de lectura":"1 minuto"},"schema":{"@context":"https:\/\/schema.org","@graph":[{"@type":"Article","@id":"https:\/\/aspanin.cat\/es\/sant-jordi-2024\/#article","isPartOf":{"@id":"https:\/\/aspanin.cat\/es\/sant-jordi-2024\/"},"author":{"name":"comunicacio","@id":"https:\/\/aspanin.cat\/es\/#\/schema\/person\/bbbea8708fbbac7fb2cac0d8a6c3a92c"},"headline":"Sant Jordi 2024","datePublished":"2024-04-26T10:14:46+00:00","dateModified":"2024-04-26T11:55:03+00:00","mainEntityOfPage":{"@id":"https:\/\/aspanin.cat\/es\/sant-jordi-2024\/"},"wordCount":148,"publisher":{"@id":"https:\/\/aspanin.cat\/es\/#organization"},"image":{"@id":"https:\/\/aspanin.cat\/es\/sant-jordi-2024\/#primaryimage"},"thumbnailUrl":"https:\/\/aspanin.cat\/wp-content\/uploads\/2024\/04\/WhatsApp-Image-2024-04-24-at-09.41.04-3.jpeg","articleSection":["Sin categorizar"],"inLanguage":"es"},{"@type":"WebPage","@id":"https:\/\/aspanin.cat\/es\/sant-jordi-2024\/","url":"https:\/\/aspanin.cat\/es\/sant-jordi-2024\/","name":"Sant Jordi 2024 - ASPANIN","isPartOf":{"@id":"https:\/\/aspanin.cat\/es\/#website"},"primaryImageOfPage":{"@id":"https:\/\/aspanin.cat\/es\/sant-jordi-2024\/#primaryimage"},"image":{"@id":"https:\/\/aspanin.cat\/es\/sant-jordi-2024\/#primaryimage"},"thumbnailUrl":"https:\/\/aspanin.cat\/wp-content\/uploads\/2024\/04\/WhatsApp-Image-2024-04-24-at-09.41.04-3.jpeg","datePublished":"2024-04-26T10:14:46+00:00","dateModified":"2024-04-26T11:55:03+00:00","inLanguage":"es","potentialAction":[{"@type":"ReadAction","target":["https:\/\/aspanin.cat\/es\/sant-jordi-2024\/"]}]},{"@type":"ImageObject","inLanguage":"es","@id":"https:\/\/aspanin.cat\/es\/sant-jordi-2024\/#primaryimage","url":"https:\/\/aspanin.cat\/wp-content\/uploads\/2024\/04\/WhatsApp-Image-2024-04-24-at-09.41.04-3.jpeg","contentUrl":"https:\/\/aspanin.cat\/wp-content\/uploads\/2024\/04\/WhatsApp-Image-2024-04-24-at-09.41.04-3.jpeg","width":1200,"height":1200},{"@type":"WebSite","@id":"https:\/\/aspanin.cat\/es\/#website","url":"https:\/\/aspanin.cat\/es\/","name":"ASPANIN","description":"Pro persones amb discapacitat intel\u00b7lectual i les seves fam\u00edlies","publisher":{"@id":"https:\/\/aspanin.cat\/es\/#organization"},"potentialAction":[{"@type":"SearchAction","target":{"@type":"EntryPoint","urlTemplate":"https:\/\/aspanin.cat\/es\/?s={search_term_string}"},"query-input":{"@type":"PropertyValueSpecification","valueRequired":true,"valueName":"search_term_string"}}],"inLanguage":"es"},{"@type":"Organization","@id":"https:\/\/aspanin.cat\/es\/#organization","name":"ASPANIN","url":"https:\/\/aspanin.cat\/es\/","logo":{"@type":"ImageObject","inLanguage":"es","@id":"https:\/\/aspanin.cat\/es\/#\/schema\/logo\/image\/","url":"https:\/\/aspanin.cat\/wp-content\/uploads\/2020\/07\/logo.gif","contentUrl":"https:\/\/aspanin.cat\/wp-content\/uploads\/2020\/07\/logo.gif","width":587,"height":190,"caption":"ASPANIN"},"image":{"@id":"https:\/\/aspanin.cat\/es\/#\/schema\/logo\/image\/"}},{"@type":"Person","@id":"https:\/\/aspanin.cat\/es\/#\/schema\/person\/bbbea8708fbbac7fb2cac0d8a6c3a92c","name":"comunicacio","image":{"@type":"ImageObject","inLanguage":"es","@id":"https:\/\/secure.gravatar.com\/avatar\/b722203796b4af835d22cacca42cd3c0154c3f9c39f29a59300bd9253e4a84d3?s=96&d=mm&r=g","url":"https:\/\/secure.gravatar.com\/avatar\/b722203796b4af835d22cacca42cd3c0154c3f9c39f29a59300bd9253e4a84d3?s=96&d=mm&r=g","contentUrl":"https:\/\/secure.gravatar.com\/avatar\/b722203796b4af835d22cacca42cd3c0154c3f9c39f29a59300bd9253e4a84d3?s=96&d=mm&r=g","caption":"comunicacio"},"url":"https:\/\/aspanin.cat\/es\/author\/comunicacio\/"}]}},"_links":{"self":[{"href":"https:\/\/aspanin.cat\/es\/wp-json\/wp\/v2\/posts\/13462","targetHints":{"allow":["GET"]}}],"collection":[{"href":"https:\/\/aspanin.cat\/es\/wp-json\/wp\/v2\/posts"}],"about":[{"href":"https:\/\/aspanin.cat\/es\/wp-json\/wp\/v2\/types\/post"}],"author":[{"embeddable":true,"href":"https:\/\/aspanin.cat\/es\/wp-json\/wp\/v2\/users\/2"}],"replies":[{"embeddable":true,"href":"https:\/\/aspanin.cat\/es\/wp-json\/wp\/v2\/comments?post=13462"}],"version-history":[{"count":3,"href":"https:\/\/aspanin.cat\/es\/wp-json\/wp\/v2\/posts\/13462\/revisions"}],"predecessor-version":[{"id":13471,"href":"https:\/\/aspanin.cat\/es\/wp-json\/wp\/v2\/posts\/13462\/revisions\/13471"}],"wp:featuredmedia":[{"embeddable":true,"href":"https:\/\/aspanin.cat\/es\/wp-json\/wp\/v2\/media\/13448"}],"wp:attachment":[{"href":"https:\/\/aspanin.cat\/es\/wp-json\/wp\/v2\/media?parent=13462"}],"wp:term":[{"taxonomy":"category","embeddable":true,"href":"https:\/\/aspanin.cat\/es\/wp-json\/wp\/v2\/categories?post=13462"},{"taxonomy":"post_tag","embeddable":true,"href":"https:\/\/aspanin.cat\/es\/wp-json\/wp\/v2\/tags?post=13462"}],"curies":[{"name":"wp","href":"https:\/\/api.w.org\/{rel}","templated":true}]}}