{"id":13436,"date":"2024-04-19T09:13:39","date_gmt":"2024-04-19T09:13:39","guid":{"rendered":"https:\/\/aspanin.cat\/cena-solidaria-2024\/"},"modified":"2024-04-25T14:54:43","modified_gmt":"2024-04-25T14:54:43","slug":"cena-solidaria-2024","status":"publish","type":"post","link":"https:\/\/aspanin.cat\/es\/cena-solidaria-2024\/","title":{"rendered":"Cena Solidaria 2024"},"content":{"rendered":"\t\t<div data-elementor-type=\"wp-post\" data-elementor-id=\"13436\" class=\"elementor elementor-13436 elementor-13420\" data-elementor-post-type=\"post\">\n\t\t\t\t\t\t<section class=\"elementor-section elementor-top-section elementor-element elementor-element-acb4344 elementor-section-boxed elementor-section-height-default elementor-section-height-default\" data-id=\"acb4344\" data-element_type=\"section\" data-e-type=\"section\">\n\t\t\t\t\t\t<div class=\"elementor-container elementor-column-gap-default\">\n\t\t\t\t\t<div class=\"elementor-column elementor-col-100 elementor-top-column elementor-element elementor-element-f8eb3e7\" data-id=\"f8eb3e7\" data-element_type=\"column\" data-e-type=\"column\">\n\t\t\t<div class=\"elementor-widget-wrap elementor-element-populated\">\n\t\t\t\t\t\t<div class=\"elementor-element elementor-element-799b3cc elementor-widget elementor-widget-text-editor\" data-id=\"799b3cc\" data-element_type=\"widget\" data-e-type=\"widget\" data-widget_type=\"text-editor.default\">\n\t\t\t\t\t\t\t\t\t<p>El pasado 12 de abril nos reencontramos, un a\u00f1o m\u00e1s, para celebrar la cena solidaria de la entidad.<\/p>\n<p>Una cena que con los a\u00f1os se ha ido consolidando como una de las citas m\u00e1s esperadas de nuestra entidad y de todas las personas que colabor\u00e1is.<\/p>\n<p>Ese d\u00eda, el <strong> BCIN<\/strong> nos acogi\u00f3 con los brazos abiertos y nos puso todas las facilidades para poder, desde buena ma\u00f1ana, empezar a llevar todo el material que ten\u00edamos preparado para la velada.<\/p>\n<p><strong>Can Comas<\/strong> nos prepar\u00f3 una cena espectacular y con una atenci\u00f3n inmejorable.<\/p>\n<p>El grupo de nueva creaci\u00f3n <strong><em>Mocot\u00f3,<\/em><\/strong> ameniz\u00f3 la entrada con su m\u00fasica de Bossa nova, encajando perfectamente con el ambiente de la noche.<\/p>\n<p>Pero d\u00edas antes ya pasaban cosas en Badalona y cercan\u00edas;<br \/><strong>Saltamart\u00ed, Ferreteria Prim, La Confian\u00e7a, Can Boter, S.Ventura, Milar, Canals, Can Serentill, Fruiteria Cuevas i Frutaway, Badalona Capa\u00e7, L&#8217;Ungleria del centre, Can Margenat, Masia Coll de Canyet, El m\u00f3n de les Flors, Bevath, Eva el Masnou, Viscalis, Exquisit, Fundaci\u00f3 Maria Prats, Cansaladeria Puig i \u00f2ptica Masnou Mar<br \/><\/strong>hicieron una pausa para pensar en la entidad y en lo que nos pod\u00edan ofrecer.<br \/><strong>Repromar<\/strong> nos hizo las impresiones de los men\u00fas.<br \/><strong>Trofeus Badalona<\/strong> nos mont\u00f3 la placa conmemorativa de la l\u2019Ildefonso Matute.<br \/><strong>Catal\u00f2nia Fundaci\u00f3 Creactiva<\/strong> nos enviaba unos saquitos arom\u00e1ticos hechos en su taller ocupacional, como obsequio.<br \/>Y como no, <strong>El C\u00edrcol<\/strong> nos ced\u00eda el equipo t\u00e9cnico para los m\u00fasicos.<\/p>\n<p>Pero dentro de la entidad, tambi\u00e9n se coc\u00edan cosas. Mientras hac\u00edamos y rehac\u00edamos mesas, un grupo de participantes del Club Llevant, organiz\u00f3, junto con personas voluntarias de IRITEB, un taller de marcap\u00e1ginas, para obsequiar todas las persones asistente a la cena.<\/p>\n<p>Y es que el d\u00eda 12, celebramos mucho m\u00e1s que una cena, celebramos que la solidaridad mueve monta\u00f1as.<\/p>\n<p>As\u00ed que, <strong>muchas gracias<\/strong> a todas las personas que siempre colabor\u00e1is, a todas las que os hab\u00e9is incorporado este a\u00f1o, y tambi\u00e9n a todas las que hab\u00e9is formado parte anteriormente. Porque hab\u00e9is sido y sois el motor de la entidad.<\/p>\n\t\t\t\t\t\t\t\t<\/div>\n\t\t\t\t<div class=\"elementor-element elementor-element-2c78352 elementor-widget elementor-widget-gallery\" data-id=\"2c78352\" data-element_type=\"widget\" data-e-type=\"widget\" data-settings=\"{&quot;lazyload&quot;:&quot;yes&quot;,&quot;gallery_layout&quot;:&quot;grid&quot;,&quot;columns&quot;:4,&quot;columns_tablet&quot;:2,&quot;columns_mobile&quot;:1,&quot;gap&quot;:{&quot;unit&quot;:&quot;px&quot;,&quot;size&quot;:10,&quot;sizes&quot;:[]},&quot;gap_tablet&quot;:{&quot;unit&quot;:&quot;px&quot;,&quot;size&quot;:10,&quot;sizes&quot;:[]},&quot;gap_mobile&quot;:{&quot;unit&quot;:&quot;px&quot;,&quot;size&quot;:10,&quot;sizes&quot;:[]},&quot;link_to&quot;:&quot;file&quot;,&quot;aspect_ratio&quot;:&quot;3:2&quot;,&quot;overlay_background&quot;:&quot;yes&quot;,&quot;content_hover_animation&quot;:&quot;fade-in&quot;}\" data-widget_type=\"gallery.default\">\n\t\t\t\t\t\t\t<div class=\"elementor-gallery__container\">\n\t\t\t\t\t\t\t<a class=\"e-gallery-item elementor-gallery-item elementor-animated-content\" href=\"https:\/\/aspanin.cat\/wp-content\/uploads\/2024\/04\/WhatsApp-Image-2024-04-15-at-11.36.44.jpeg\" data-elementor-open-lightbox=\"yes\" data-elementor-lightbox-slideshow=\"2c78352\" data-elementor-lightbox-title=\"WhatsApp Image 2024-04-15 at 11.36.44\" data-e-action-hash=\"#elementor-action%3Aaction%3Dlightbox%26settings%3DeyJpZCI6MTM0MjQsInVybCI6Imh0dHBzOlwvXC9hc3BhbmluLmNhdFwvd3AtY29udGVudFwvdXBsb2Fkc1wvMjAyNFwvMDRcL1doYXRzQXBwLUltYWdlLTIwMjQtMDQtMTUtYXQtMTEuMzYuNDQuanBlZyIsInNsaWRlc2hvdyI6IjJjNzgzNTIifQ%3D%3D\">\n\t\t\t\t\t<div class=\"e-gallery-image elementor-gallery-item__image\" data-thumbnail=\"https:\/\/aspanin.cat\/wp-content\/uploads\/2024\/04\/WhatsApp-Image-2024-04-15-at-11.36.44-300x226.jpeg\" data-width=\"300\" data-height=\"226\" aria-label=\"\" role=\"img\" ><\/div>\n\t\t\t\t\t\t\t\t\t\t\t<div class=\"elementor-gallery-item__overlay\"><\/div>\n\t\t\t\t\t\t\t\t\t\t\t\t\t\t<\/a>\n\t\t\t\t\t\t\t<a class=\"e-gallery-item elementor-gallery-item elementor-animated-content\" href=\"https:\/\/aspanin.cat\/wp-content\/uploads\/2024\/04\/WhatsApp-Image-2024-04-15-at-11.36.45.jpeg\" data-elementor-open-lightbox=\"yes\" data-elementor-lightbox-slideshow=\"2c78352\" data-elementor-lightbox-title=\"WhatsApp Image 2024-04-15 at 11.36.45\" data-e-action-hash=\"#elementor-action%3Aaction%3Dlightbox%26settings%3DeyJpZCI6MTM0MjYsInVybCI6Imh0dHBzOlwvXC9hc3BhbmluLmNhdFwvd3AtY29udGVudFwvdXBsb2Fkc1wvMjAyNFwvMDRcL1doYXRzQXBwLUltYWdlLTIwMjQtMDQtMTUtYXQtMTEuMzYuNDUuanBlZyIsInNsaWRlc2hvdyI6IjJjNzgzNTIifQ%3D%3D\">\n\t\t\t\t\t<div class=\"e-gallery-image elementor-gallery-item__image\" data-thumbnail=\"https:\/\/aspanin.cat\/wp-content\/uploads\/2024\/04\/WhatsApp-Image-2024-04-15-at-11.36.45-300x226.jpeg\" data-width=\"300\" data-height=\"226\" aria-label=\"\" role=\"img\" ><\/div>\n\t\t\t\t\t\t\t\t\t\t\t<div class=\"elementor-gallery-item__overlay\"><\/div>\n\t\t\t\t\t\t\t\t\t\t\t\t\t\t<\/a>\n\t\t\t\t\t\t\t<a class=\"e-gallery-item elementor-gallery-item elementor-animated-content\" href=\"https:\/\/aspanin.cat\/wp-content\/uploads\/2024\/04\/WhatsApp-Image-2024-04-15-at-11.36.45-2.jpeg\" data-elementor-open-lightbox=\"yes\" data-elementor-lightbox-slideshow=\"2c78352\" data-elementor-lightbox-title=\"WhatsApp Image 2024-04-15 at 11.36.45 (2)\" data-e-action-hash=\"#elementor-action%3Aaction%3Dlightbox%26settings%3DeyJpZCI6MTM0MjksInVybCI6Imh0dHBzOlwvXC9hc3BhbmluLmNhdFwvd3AtY29udGVudFwvdXBsb2Fkc1wvMjAyNFwvMDRcL1doYXRzQXBwLUltYWdlLTIwMjQtMDQtMTUtYXQtMTEuMzYuNDUtMi5qcGVnIiwic2xpZGVzaG93IjoiMmM3ODM1MiJ9\">\n\t\t\t\t\t<div class=\"e-gallery-image elementor-gallery-item__image\" data-thumbnail=\"https:\/\/aspanin.cat\/wp-content\/uploads\/2024\/04\/WhatsApp-Image-2024-04-15-at-11.36.45-2-300x226.jpeg\" data-width=\"300\" data-height=\"226\" aria-label=\"\" role=\"img\" ><\/div>\n\t\t\t\t\t\t\t\t\t\t\t<div class=\"elementor-gallery-item__overlay\"><\/div>\n\t\t\t\t\t\t\t\t\t\t\t\t\t\t<\/a>\n\t\t\t\t\t\t\t<a class=\"e-gallery-item elementor-gallery-item elementor-animated-content\" href=\"https:\/\/aspanin.cat\/wp-content\/uploads\/2024\/04\/WhatsApp-Image-2024-04-15-at-11.36.45-1.jpeg\" data-elementor-open-lightbox=\"yes\" data-elementor-lightbox-slideshow=\"2c78352\" data-elementor-lightbox-title=\"WhatsApp Image 2024-04-15 at 11.36.45 (1)\" data-e-action-hash=\"#elementor-action%3Aaction%3Dlightbox%26settings%3DeyJpZCI6MTM0MzEsInVybCI6Imh0dHBzOlwvXC9hc3BhbmluLmNhdFwvd3AtY29udGVudFwvdXBsb2Fkc1wvMjAyNFwvMDRcL1doYXRzQXBwLUltYWdlLTIwMjQtMDQtMTUtYXQtMTEuMzYuNDUtMS5qcGVnIiwic2xpZGVzaG93IjoiMmM3ODM1MiJ9\">\n\t\t\t\t\t<div class=\"e-gallery-image elementor-gallery-item__image\" data-thumbnail=\"https:\/\/aspanin.cat\/wp-content\/uploads\/2024\/04\/WhatsApp-Image-2024-04-15-at-11.36.45-1-300x226.jpeg\" data-width=\"300\" data-height=\"226\" aria-label=\"\" role=\"img\" ><\/div>\n\t\t\t\t\t\t\t\t\t\t\t<div class=\"elementor-gallery-item__overlay\"><\/div>\n\t\t\t\t\t\t\t\t\t\t\t\t\t\t<\/a>\n\t\t\t\t\t<\/div>\n\t\t\t\t\t<\/div>\n\t\t\t\t\t<\/div>\n\t\t<\/div>\n\t\t\t\t\t<\/div>\n\t\t<\/section>\n\t\t\t\t<\/div>\n\t\t","protected":false},"excerpt":{"rendered":"<p>El pasado 12 de abril nos reencontramos, un a\u00f1o m\u00e1s, para celebrar la cena solidaria de la entidad. Una cena que con los a\u00f1os se ha ido consolidando como una de las citas m\u00e1s esperadas de nuestra entidad y de todas las personas que colabor\u00e1is. Ese d\u00eda, el BCIN nos acogi\u00f3 con los brazos abiertos [&hellip;]<\/p>\n","protected":false},"author":2,"featured_media":13422,"comment_status":"closed","ping_status":"open","sticky":false,"template":"","format":"standard","meta":{"site-sidebar-layout":"default","site-content-layout":"","ast-site-content-layout":"default","site-content-style":"default","site-sidebar-style":"default","ast-global-header-display":"","ast-banner-title-visibility":"","ast-main-header-display":"","ast-hfb-above-header-display":"","ast-hfb-below-header-display":"","ast-hfb-mobile-header-display":"","site-post-title":"","ast-breadcrumbs-content":"","ast-featured-img":"","footer-sml-layout":"","ast-disable-related-posts":"","theme-transparent-header-meta":"default","adv-header-id-meta":"","stick-header-meta":"","header-above-stick-meta":"","header-main-stick-meta":"","header-below-stick-meta":"","astra-migrate-meta-layouts":"default","ast-page-background-enabled":"default","ast-page-background-meta":{"desktop":{"background-color":"var(--ast-global-color-4)","background-image":"","background-repeat":"repeat","background-position":"center center","background-size":"auto","background-attachment":"scroll","background-type":"","background-media":"","overlay-type":"","overlay-color":"","overlay-opacity":"","overlay-gradient":""},"tablet":{"background-color":"","background-image":"","background-repeat":"repeat","background-position":"center center","background-size":"auto","background-attachment":"scroll","background-type":"","background-media":"","overlay-type":"","overlay-color":"","overlay-opacity":"","overlay-gradient":""},"mobile":{"background-color":"","background-image":"","background-repeat":"repeat","background-position":"center center","background-size":"auto","background-attachment":"scroll","background-type":"","background-media":"","overlay-type":"","overlay-color":"","overlay-opacity":"","overlay-gradient":""}},"ast-content-background-meta":{"desktop":{"background-color":"var(--ast-global-color-5)","background-image":"","background-repeat":"repeat","background-position":"center center","background-size":"auto","background-attachment":"scroll","background-type":"","background-media":"","overlay-type":"","overlay-color":"","overlay-opacity":"","overlay-gradient":""},"tablet":{"background-color":"var(--ast-global-color-5)","background-image":"","background-repeat":"repeat","background-position":"center center","background-size":"auto","background-attachment":"scroll","background-type":"","background-media":"","overlay-type":"","overlay-color":"","overlay-opacity":"","overlay-gradient":""},"mobile":{"background-color":"var(--ast-global-color-5)","background-image":"","background-repeat":"repeat","background-position":"center center","background-size":"auto","background-attachment":"scroll","background-type":"","background-media":"","overlay-type":"","overlay-color":"","overlay-opacity":"","overlay-gradient":""}},"footnotes":""},"categories":[1],"tags":[],"class_list":["post-13436","post","type-post","status-publish","format-standard","has-post-thumbnail","hentry","category-sin-categorizar"],"yoast_head":"<!-- This site is optimized with the Yoast SEO plugin v27.5 - https:\/\/yoast.com\/product\/yoast-seo-wordpress\/ -->\n<title>Cena Solidaria 2024 - ASPANIN<\/title>\n<meta name=\"robots\" content=\"index, follow, max-snippet:-1, max-image-preview:large, max-video-preview:-1\" \/>\n<link rel=\"canonical\" href=\"https:\/\/aspanin.cat\/es\/cena-solidaria-2024\/\" \/>\n<meta property=\"og:locale\" content=\"es_ES\" \/>\n<meta property=\"og:type\" content=\"article\" \/>\n<meta property=\"og:title\" content=\"Cena Solidaria 2024 - ASPANIN\" \/>\n<meta property=\"og:description\" content=\"El pasado 12 de abril nos reencontramos, un a\u00f1o m\u00e1s, para celebrar la cena solidaria de la entidad. Una cena que con los a\u00f1os se ha ido consolidando como una de las citas m\u00e1s esperadas de nuestra entidad y de todas las personas que colabor\u00e1is. Ese d\u00eda, el BCIN nos acogi\u00f3 con los brazos abiertos [&hellip;]\" \/>\n<meta property=\"og:url\" content=\"https:\/\/aspanin.cat\/es\/cena-solidaria-2024\/\" \/>\n<meta property=\"og:site_name\" content=\"ASPANIN\" \/>\n<meta property=\"article:published_time\" content=\"2024-04-19T09:13:39+00:00\" \/>\n<meta property=\"article:modified_time\" content=\"2024-04-25T14:54:43+00:00\" \/>\n<meta property=\"og:image\" content=\"https:\/\/aspanin.cat\/wp-content\/uploads\/2024\/04\/WhatsApp-Image-2024-04-19-at-11.11.43-scaled.jpeg\" \/>\n\t<meta property=\"og:image:width\" content=\"2560\" \/>\n\t<meta property=\"og:image:height\" content=\"1928\" \/>\n\t<meta property=\"og:image:type\" content=\"image\/jpeg\" \/>\n<meta name=\"author\" content=\"comunicacio\" \/>\n<meta name=\"twitter:card\" content=\"summary_large_image\" \/>\n<meta name=\"twitter:label1\" content=\"Escrito por\" \/>\n\t<meta name=\"twitter:data1\" content=\"comunicacio\" \/>\n\t<meta name=\"twitter:label2\" content=\"Tiempo de lectura\" \/>\n\t<meta name=\"twitter:data2\" content=\"2 minutos\" \/>\n<script type=\"application\/ld+json\" class=\"yoast-schema-graph\">{\"@context\":\"https:\\\/\\\/schema.org\",\"@graph\":[{\"@type\":\"Article\",\"@id\":\"https:\\\/\\\/aspanin.cat\\\/es\\\/cena-solidaria-2024\\\/#article\",\"isPartOf\":{\"@id\":\"https:\\\/\\\/aspanin.cat\\\/es\\\/cena-solidaria-2024\\\/\"},\"author\":{\"name\":\"comunicacio\",\"@id\":\"https:\\\/\\\/aspanin.cat\\\/es\\\/#\\\/schema\\\/person\\\/bbbea8708fbbac7fb2cac0d8a6c3a92c\"},\"headline\":\"Cena Solidaria 2024\",\"datePublished\":\"2024-04-19T09:13:39+00:00\",\"dateModified\":\"2024-04-25T14:54:43+00:00\",\"mainEntityOfPage\":{\"@id\":\"https:\\\/\\\/aspanin.cat\\\/es\\\/cena-solidaria-2024\\\/\"},\"wordCount\":371,\"publisher\":{\"@id\":\"https:\\\/\\\/aspanin.cat\\\/es\\\/#organization\"},\"image\":{\"@id\":\"https:\\\/\\\/aspanin.cat\\\/es\\\/cena-solidaria-2024\\\/#primaryimage\"},\"thumbnailUrl\":\"https:\\\/\\\/aspanin.cat\\\/wp-content\\\/uploads\\\/2024\\\/04\\\/WhatsApp-Image-2024-04-19-at-11.11.43-scaled.jpeg\",\"articleSection\":[\"Sin categorizar\"],\"inLanguage\":\"es\"},{\"@type\":\"WebPage\",\"@id\":\"https:\\\/\\\/aspanin.cat\\\/es\\\/cena-solidaria-2024\\\/\",\"url\":\"https:\\\/\\\/aspanin.cat\\\/es\\\/cena-solidaria-2024\\\/\",\"name\":\"Cena Solidaria 2024 - ASPANIN\",\"isPartOf\":{\"@id\":\"https:\\\/\\\/aspanin.cat\\\/es\\\/#website\"},\"primaryImageOfPage\":{\"@id\":\"https:\\\/\\\/aspanin.cat\\\/es\\\/cena-solidaria-2024\\\/#primaryimage\"},\"image\":{\"@id\":\"https:\\\/\\\/aspanin.cat\\\/es\\\/cena-solidaria-2024\\\/#primaryimage\"},\"thumbnailUrl\":\"https:\\\/\\\/aspanin.cat\\\/wp-content\\\/uploads\\\/2024\\\/04\\\/WhatsApp-Image-2024-04-19-at-11.11.43-scaled.jpeg\",\"datePublished\":\"2024-04-19T09:13:39+00:00\",\"dateModified\":\"2024-04-25T14:54:43+00:00\",\"inLanguage\":\"es\",\"potentialAction\":[{\"@type\":\"ReadAction\",\"target\":[\"https:\\\/\\\/aspanin.cat\\\/es\\\/cena-solidaria-2024\\\/\"]}]},{\"@type\":\"ImageObject\",\"inLanguage\":\"es\",\"@id\":\"https:\\\/\\\/aspanin.cat\\\/es\\\/cena-solidaria-2024\\\/#primaryimage\",\"url\":\"https:\\\/\\\/aspanin.cat\\\/wp-content\\\/uploads\\\/2024\\\/04\\\/WhatsApp-Image-2024-04-19-at-11.11.43-scaled.jpeg\",\"contentUrl\":\"https:\\\/\\\/aspanin.cat\\\/wp-content\\\/uploads\\\/2024\\\/04\\\/WhatsApp-Image-2024-04-19-at-11.11.43-scaled.jpeg\",\"width\":2560,\"height\":1928},{\"@type\":\"WebSite\",\"@id\":\"https:\\\/\\\/aspanin.cat\\\/es\\\/#website\",\"url\":\"https:\\\/\\\/aspanin.cat\\\/es\\\/\",\"name\":\"ASPANIN\",\"description\":\"Pro persones amb discapacitat intel\u00b7lectual i les seves fam\u00edlies\",\"publisher\":{\"@id\":\"https:\\\/\\\/aspanin.cat\\\/es\\\/#organization\"},\"potentialAction\":[{\"@type\":\"SearchAction\",\"target\":{\"@type\":\"EntryPoint\",\"urlTemplate\":\"https:\\\/\\\/aspanin.cat\\\/es\\\/?s={search_term_string}\"},\"query-input\":{\"@type\":\"PropertyValueSpecification\",\"valueRequired\":true,\"valueName\":\"search_term_string\"}}],\"inLanguage\":\"es\"},{\"@type\":\"Organization\",\"@id\":\"https:\\\/\\\/aspanin.cat\\\/es\\\/#organization\",\"name\":\"ASPANIN\",\"url\":\"https:\\\/\\\/aspanin.cat\\\/es\\\/\",\"logo\":{\"@type\":\"ImageObject\",\"inLanguage\":\"es\",\"@id\":\"https:\\\/\\\/aspanin.cat\\\/es\\\/#\\\/schema\\\/logo\\\/image\\\/\",\"url\":\"https:\\\/\\\/aspanin.cat\\\/wp-content\\\/uploads\\\/2020\\\/07\\\/logo.gif\",\"contentUrl\":\"https:\\\/\\\/aspanin.cat\\\/wp-content\\\/uploads\\\/2020\\\/07\\\/logo.gif\",\"width\":587,\"height\":190,\"caption\":\"ASPANIN\"},\"image\":{\"@id\":\"https:\\\/\\\/aspanin.cat\\\/es\\\/#\\\/schema\\\/logo\\\/image\\\/\"}},{\"@type\":\"Person\",\"@id\":\"https:\\\/\\\/aspanin.cat\\\/es\\\/#\\\/schema\\\/person\\\/bbbea8708fbbac7fb2cac0d8a6c3a92c\",\"name\":\"comunicacio\",\"image\":{\"@type\":\"ImageObject\",\"inLanguage\":\"es\",\"@id\":\"https:\\\/\\\/secure.gravatar.com\\\/avatar\\\/b722203796b4af835d22cacca42cd3c0154c3f9c39f29a59300bd9253e4a84d3?s=96&d=mm&r=g\",\"url\":\"https:\\\/\\\/secure.gravatar.com\\\/avatar\\\/b722203796b4af835d22cacca42cd3c0154c3f9c39f29a59300bd9253e4a84d3?s=96&d=mm&r=g\",\"contentUrl\":\"https:\\\/\\\/secure.gravatar.com\\\/avatar\\\/b722203796b4af835d22cacca42cd3c0154c3f9c39f29a59300bd9253e4a84d3?s=96&d=mm&r=g\",\"caption\":\"comunicacio\"},\"url\":\"https:\\\/\\\/aspanin.cat\\\/es\\\/author\\\/comunicacio\\\/\"}]}<\/script>\n<!-- \/ Yoast SEO plugin. -->","yoast_head_json":{"title":"Cena Solidaria 2024 - ASPANIN","robots":{"index":"index","follow":"follow","max-snippet":"max-snippet:-1","max-image-preview":"max-image-preview:large","max-video-preview":"max-video-preview:-1"},"canonical":"https:\/\/aspanin.cat\/es\/cena-solidaria-2024\/","og_locale":"es_ES","og_type":"article","og_title":"Cena Solidaria 2024 - ASPANIN","og_description":"El pasado 12 de abril nos reencontramos, un a\u00f1o m\u00e1s, para celebrar la cena solidaria de la entidad. Una cena que con los a\u00f1os se ha ido consolidando como una de las citas m\u00e1s esperadas de nuestra entidad y de todas las personas que colabor\u00e1is. Ese d\u00eda, el BCIN nos acogi\u00f3 con los brazos abiertos [&hellip;]","og_url":"https:\/\/aspanin.cat\/es\/cena-solidaria-2024\/","og_site_name":"ASPANIN","article_published_time":"2024-04-19T09:13:39+00:00","article_modified_time":"2024-04-25T14:54:43+00:00","og_image":[{"width":2560,"height":1928,"url":"https:\/\/aspanin.cat\/wp-content\/uploads\/2024\/04\/WhatsApp-Image-2024-04-19-at-11.11.43-scaled.jpeg","type":"image\/jpeg"}],"author":"comunicacio","twitter_card":"summary_large_image","twitter_misc":{"Escrito por":"comunicacio","Tiempo de lectura":"2 minutos"},"schema":{"@context":"https:\/\/schema.org","@graph":[{"@type":"Article","@id":"https:\/\/aspanin.cat\/es\/cena-solidaria-2024\/#article","isPartOf":{"@id":"https:\/\/aspanin.cat\/es\/cena-solidaria-2024\/"},"author":{"name":"comunicacio","@id":"https:\/\/aspanin.cat\/es\/#\/schema\/person\/bbbea8708fbbac7fb2cac0d8a6c3a92c"},"headline":"Cena Solidaria 2024","datePublished":"2024-04-19T09:13:39+00:00","dateModified":"2024-04-25T14:54:43+00:00","mainEntityOfPage":{"@id":"https:\/\/aspanin.cat\/es\/cena-solidaria-2024\/"},"wordCount":371,"publisher":{"@id":"https:\/\/aspanin.cat\/es\/#organization"},"image":{"@id":"https:\/\/aspanin.cat\/es\/cena-solidaria-2024\/#primaryimage"},"thumbnailUrl":"https:\/\/aspanin.cat\/wp-content\/uploads\/2024\/04\/WhatsApp-Image-2024-04-19-at-11.11.43-scaled.jpeg","articleSection":["Sin categorizar"],"inLanguage":"es"},{"@type":"WebPage","@id":"https:\/\/aspanin.cat\/es\/cena-solidaria-2024\/","url":"https:\/\/aspanin.cat\/es\/cena-solidaria-2024\/","name":"Cena Solidaria 2024 - ASPANIN","isPartOf":{"@id":"https:\/\/aspanin.cat\/es\/#website"},"primaryImageOfPage":{"@id":"https:\/\/aspanin.cat\/es\/cena-solidaria-2024\/#primaryimage"},"image":{"@id":"https:\/\/aspanin.cat\/es\/cena-solidaria-2024\/#primaryimage"},"thumbnailUrl":"https:\/\/aspanin.cat\/wp-content\/uploads\/2024\/04\/WhatsApp-Image-2024-04-19-at-11.11.43-scaled.jpeg","datePublished":"2024-04-19T09:13:39+00:00","dateModified":"2024-04-25T14:54:43+00:00","inLanguage":"es","potentialAction":[{"@type":"ReadAction","target":["https:\/\/aspanin.cat\/es\/cena-solidaria-2024\/"]}]},{"@type":"ImageObject","inLanguage":"es","@id":"https:\/\/aspanin.cat\/es\/cena-solidaria-2024\/#primaryimage","url":"https:\/\/aspanin.cat\/wp-content\/uploads\/2024\/04\/WhatsApp-Image-2024-04-19-at-11.11.43-scaled.jpeg","contentUrl":"https:\/\/aspanin.cat\/wp-content\/uploads\/2024\/04\/WhatsApp-Image-2024-04-19-at-11.11.43-scaled.jpeg","width":2560,"height":1928},{"@type":"WebSite","@id":"https:\/\/aspanin.cat\/es\/#website","url":"https:\/\/aspanin.cat\/es\/","name":"ASPANIN","description":"Pro persones amb discapacitat intel\u00b7lectual i les seves fam\u00edlies","publisher":{"@id":"https:\/\/aspanin.cat\/es\/#organization"},"potentialAction":[{"@type":"SearchAction","target":{"@type":"EntryPoint","urlTemplate":"https:\/\/aspanin.cat\/es\/?s={search_term_string}"},"query-input":{"@type":"PropertyValueSpecification","valueRequired":true,"valueName":"search_term_string"}}],"inLanguage":"es"},{"@type":"Organization","@id":"https:\/\/aspanin.cat\/es\/#organization","name":"ASPANIN","url":"https:\/\/aspanin.cat\/es\/","logo":{"@type":"ImageObject","inLanguage":"es","@id":"https:\/\/aspanin.cat\/es\/#\/schema\/logo\/image\/","url":"https:\/\/aspanin.cat\/wp-content\/uploads\/2020\/07\/logo.gif","contentUrl":"https:\/\/aspanin.cat\/wp-content\/uploads\/2020\/07\/logo.gif","width":587,"height":190,"caption":"ASPANIN"},"image":{"@id":"https:\/\/aspanin.cat\/es\/#\/schema\/logo\/image\/"}},{"@type":"Person","@id":"https:\/\/aspanin.cat\/es\/#\/schema\/person\/bbbea8708fbbac7fb2cac0d8a6c3a92c","name":"comunicacio","image":{"@type":"ImageObject","inLanguage":"es","@id":"https:\/\/secure.gravatar.com\/avatar\/b722203796b4af835d22cacca42cd3c0154c3f9c39f29a59300bd9253e4a84d3?s=96&d=mm&r=g","url":"https:\/\/secure.gravatar.com\/avatar\/b722203796b4af835d22cacca42cd3c0154c3f9c39f29a59300bd9253e4a84d3?s=96&d=mm&r=g","contentUrl":"https:\/\/secure.gravatar.com\/avatar\/b722203796b4af835d22cacca42cd3c0154c3f9c39f29a59300bd9253e4a84d3?s=96&d=mm&r=g","caption":"comunicacio"},"url":"https:\/\/aspanin.cat\/es\/author\/comunicacio\/"}]}},"_links":{"self":[{"href":"https:\/\/aspanin.cat\/es\/wp-json\/wp\/v2\/posts\/13436","targetHints":{"allow":["GET"]}}],"collection":[{"href":"https:\/\/aspanin.cat\/es\/wp-json\/wp\/v2\/posts"}],"about":[{"href":"https:\/\/aspanin.cat\/es\/wp-json\/wp\/v2\/types\/post"}],"author":[{"embeddable":true,"href":"https:\/\/aspanin.cat\/es\/wp-json\/wp\/v2\/users\/2"}],"replies":[{"embeddable":true,"href":"https:\/\/aspanin.cat\/es\/wp-json\/wp\/v2\/comments?post=13436"}],"version-history":[{"count":2,"href":"https:\/\/aspanin.cat\/es\/wp-json\/wp\/v2\/posts\/13436\/revisions"}],"predecessor-version":[{"id":13442,"href":"https:\/\/aspanin.cat\/es\/wp-json\/wp\/v2\/posts\/13436\/revisions\/13442"}],"wp:featuredmedia":[{"embeddable":true,"href":"https:\/\/aspanin.cat\/es\/wp-json\/wp\/v2\/media\/13422"}],"wp:attachment":[{"href":"https:\/\/aspanin.cat\/es\/wp-json\/wp\/v2\/media?parent=13436"}],"wp:term":[{"taxonomy":"category","embeddable":true,"href":"https:\/\/aspanin.cat\/es\/wp-json\/wp\/v2\/categories?post=13436"},{"taxonomy":"post_tag","embeddable":true,"href":"https:\/\/aspanin.cat\/es\/wp-json\/wp\/v2\/tags?post=13436"}],"curies":[{"name":"wp","href":"https:\/\/api.w.org\/{rel}","templated":true}]}}