{"id":13414,"date":"2023-12-05T11:35:01","date_gmt":"2023-12-05T11:35:01","guid":{"rendered":"https:\/\/aspanin.cat\/3-de-diciembre-dia-internacional-de-las-personas-con-discapacidad\/"},"modified":"2023-12-05T11:35:01","modified_gmt":"2023-12-05T11:35:01","slug":"3-de-diciembre-dia-internacional-de-las-personas-con-discapacidad","status":"publish","type":"post","link":"https:\/\/aspanin.cat\/es\/3-de-diciembre-dia-internacional-de-las-personas-con-discapacidad\/","title":{"rendered":"3 de diciembre &#8211; D\u00eda internacional de las personas con discapacidad"},"content":{"rendered":"<p>Ayer como cada 3 de diciembre hemos salido a la calle para reivindicar los derechos de las personas con discapacidad intelectual y\/o salud mental. Para poner de manifiesto su voluntad y capacidad de vivir plenamente sus derechos y alentar a la poblaci\u00f3n a respetarlos y contribuir en su logro.<\/p>\n<p>Adem\u00e1s este a\u00f1o hicimos la presentaci\u00f3n de la campa\u00f1a que hemos creado conjuntamente entre entidades de Badalona que velamos por las personas con DID y Salud mental. Obaido, Viutea, Sique!, Aspanin y Badalona Capaz, porque creemos que tenemos que hacer red, sumar fuerzas porque tenemos un objetivo com\u00fan y es que las personas con discapacidad tengan y puedan disfrutar de una vida llena.<\/p>\n<p>\u201cMira\u2019m com jo et miro a tu\u201d es una campa\u00f1a que nace con el objetivo de sensibilizar a la poblaci\u00f3n sobre la discapacidad y\/o trastorno de salud mental y promover su inclusi\u00f3n en todos y cada uno de los \u00e1mbitos de su vida: educativa, social, pol\u00edtica, cultural y econ\u00f3mica.<\/p>\n<p>La campa\u00f1a se ha desarrollado a partir de un proceso participativo en el cual las personas, a trav\u00e9s de asambleas han podido expresar y dejar patente sus opiniones. Han sido ellas las que han expresado sus inquietudes y sus necesidades a trav\u00e9s de creaciones art\u00edsticas. Todos los mensajes, palabras y deseos se han recogido en 40 expositores reivindicativos que se han ubicado en varios espacios p\u00fablicos de la ciudad de Badalona. En el Pabell\u00f3n Ol\u00edmpico, BCIN, el Hospital, el Museo, el Conservatorio, El C\u00edrcol, el Club Nataci\u00f3 Badalona, en las escuelas Can Barriga y Llevant, y en todas las bibliotecas, casales y centros c\u00edvicos de la ciudad.<\/p>\n<p>Gracias a todas los equipamientos y espacios por el apoyo y colaboraci\u00f3n. Necesitamos crear sinergias y establecer alianzas para poder avanzar hacia una sociedad mejor.<\/p>\n<p>Podr\u00e9is encontrar las diferentes creaciones art\u00edsticas en estos lugares emblem\u00e1ticos de la ciudad hasta el d\u00eda 10 de diciembre, el d\u00eda internacional de los derechos humanos.<\/p>\n<p>Ayer tambi\u00e9n fue un d\u00eda muy especial puesto que el <strong>TN Vespre de TV3. Estuvo, coeditado y copresentado por personas con discapacidad intelectual <\/strong><\/p>\n","protected":false},"excerpt":{"rendered":"<p>Ayer como cada 3 de diciembre hemos salido a la calle para reivindicar los derechos de las personas con discapacidad intelectual y\/o salud mental. Para poner de manifiesto su voluntad y capacidad de vivir plenamente sus derechos y alentar a la poblaci\u00f3n a respetarlos y contribuir en su logro. Adem\u00e1s este a\u00f1o hicimos la presentaci\u00f3n [&hellip;]<\/p>\n","protected":false},"author":2,"featured_media":13294,"comment_status":"closed","ping_status":"open","sticky":false,"template":"","format":"standard","meta":{"site-sidebar-layout":"default","site-content-layout":"default","ast-site-content-layout":"default","site-content-style":"default","site-sidebar-style":"default","ast-global-header-display":"","ast-banner-title-visibility":"","ast-main-header-display":"","ast-hfb-above-header-display":"","ast-hfb-below-header-display":"","ast-hfb-mobile-header-display":"","site-post-title":"","ast-breadcrumbs-content":"","ast-featured-img":"","footer-sml-layout":"","ast-disable-related-posts":"","theme-transparent-header-meta":"default","adv-header-id-meta":"","stick-header-meta":"","header-above-stick-meta":"","header-main-stick-meta":"","header-below-stick-meta":"","astra-migrate-meta-layouts":"default","ast-page-background-enabled":"default","ast-page-background-meta":{"desktop":{"background-color":"var(--ast-global-color-4)","background-image":"","background-repeat":"repeat","background-position":"center center","background-size":"auto","background-attachment":"scroll","background-type":"","background-media":"","overlay-type":"","overlay-color":"","overlay-opacity":"","overlay-gradient":""},"tablet":{"background-color":"","background-image":"","background-repeat":"repeat","background-position":"center center","background-size":"auto","background-attachment":"scroll","background-type":"","background-media":"","overlay-type":"","overlay-color":"","overlay-opacity":"","overlay-gradient":""},"mobile":{"background-color":"","background-image":"","background-repeat":"repeat","background-position":"center center","background-size":"auto","background-attachment":"scroll","background-type":"","background-media":"","overlay-type":"","overlay-color":"","overlay-opacity":"","overlay-gradient":""}},"ast-content-background-meta":{"desktop":{"background-color":"var(--ast-global-color-5)","background-image":"","background-repeat":"repeat","background-position":"center center","background-size":"auto","background-attachment":"scroll","background-type":"","background-media":"","overlay-type":"","overlay-color":"","overlay-opacity":"","overlay-gradient":""},"tablet":{"background-color":"var(--ast-global-color-5)","background-image":"","background-repeat":"repeat","background-position":"center center","background-size":"auto","background-attachment":"scroll","background-type":"","background-media":"","overlay-type":"","overlay-color":"","overlay-opacity":"","overlay-gradient":""},"mobile":{"background-color":"var(--ast-global-color-5)","background-image":"","background-repeat":"repeat","background-position":"center center","background-size":"auto","background-attachment":"scroll","background-type":"","background-media":"","overlay-type":"","overlay-color":"","overlay-opacity":"","overlay-gradient":""}},"footnotes":""},"categories":[1],"tags":[],"class_list":["post-13414","post","type-post","status-publish","format-standard","has-post-thumbnail","hentry","category-sin-categorizar"],"yoast_head":"<!-- This site is optimized with the Yoast SEO plugin v27.5 - https:\/\/yoast.com\/product\/yoast-seo-wordpress\/ -->\n<title>3 de diciembre - D\u00eda internacional de las personas con discapacidad - ASPANIN<\/title>\n<meta name=\"robots\" content=\"index, follow, max-snippet:-1, max-image-preview:large, max-video-preview:-1\" \/>\n<link rel=\"canonical\" href=\"https:\/\/aspanin.cat\/es\/3-de-diciembre-dia-internacional-de-las-personas-con-discapacidad\/\" \/>\n<meta property=\"og:locale\" content=\"es_ES\" \/>\n<meta property=\"og:type\" content=\"article\" \/>\n<meta property=\"og:title\" content=\"3 de diciembre - D\u00eda internacional de las personas con discapacidad - ASPANIN\" \/>\n<meta property=\"og:description\" content=\"Ayer como cada 3 de diciembre hemos salido a la calle para reivindicar los derechos de las personas con discapacidad intelectual y\/o salud mental. Para poner de manifiesto su voluntad y capacidad de vivir plenamente sus derechos y alentar a la poblaci\u00f3n a respetarlos y contribuir en su logro. Adem\u00e1s este a\u00f1o hicimos la presentaci\u00f3n [&hellip;]\" \/>\n<meta property=\"og:url\" content=\"https:\/\/aspanin.cat\/es\/3-de-diciembre-dia-internacional-de-las-personas-con-discapacidad\/\" \/>\n<meta property=\"og:site_name\" content=\"ASPANIN\" \/>\n<meta property=\"article:published_time\" content=\"2023-12-05T11:35:01+00:00\" \/>\n<meta property=\"og:image\" content=\"https:\/\/aspanin.cat\/wp-content\/uploads\/2023\/12\/Cartell.jpg\" \/>\n\t<meta property=\"og:image:width\" content=\"2289\" \/>\n\t<meta property=\"og:image:height\" content=\"1117\" \/>\n\t<meta property=\"og:image:type\" content=\"image\/jpeg\" \/>\n<meta name=\"author\" content=\"comunicacio\" \/>\n<meta name=\"twitter:card\" content=\"summary_large_image\" \/>\n<meta name=\"twitter:label1\" content=\"Escrito por\" \/>\n\t<meta name=\"twitter:data1\" content=\"comunicacio\" \/>\n\t<meta name=\"twitter:label2\" content=\"Tiempo de lectura\" \/>\n\t<meta name=\"twitter:data2\" content=\"2 minutos\" \/>\n<script type=\"application\/ld+json\" class=\"yoast-schema-graph\">{\"@context\":\"https:\\\/\\\/schema.org\",\"@graph\":[{\"@type\":\"Article\",\"@id\":\"https:\\\/\\\/aspanin.cat\\\/es\\\/3-de-diciembre-dia-internacional-de-las-personas-con-discapacidad\\\/#article\",\"isPartOf\":{\"@id\":\"https:\\\/\\\/aspanin.cat\\\/es\\\/3-de-diciembre-dia-internacional-de-las-personas-con-discapacidad\\\/\"},\"author\":{\"name\":\"comunicacio\",\"@id\":\"https:\\\/\\\/aspanin.cat\\\/es\\\/#\\\/schema\\\/person\\\/bbbea8708fbbac7fb2cac0d8a6c3a92c\"},\"headline\":\"3 de diciembre &#8211; D\u00eda internacional de las personas con discapacidad\",\"datePublished\":\"2023-12-05T11:35:01+00:00\",\"mainEntityOfPage\":{\"@id\":\"https:\\\/\\\/aspanin.cat\\\/es\\\/3-de-diciembre-dia-internacional-de-las-personas-con-discapacidad\\\/\"},\"wordCount\":381,\"publisher\":{\"@id\":\"https:\\\/\\\/aspanin.cat\\\/es\\\/#organization\"},\"image\":{\"@id\":\"https:\\\/\\\/aspanin.cat\\\/es\\\/3-de-diciembre-dia-internacional-de-las-personas-con-discapacidad\\\/#primaryimage\"},\"thumbnailUrl\":\"https:\\\/\\\/aspanin.cat\\\/wp-content\\\/uploads\\\/2023\\\/12\\\/Cartell.jpg\",\"articleSection\":[\"Sin categorizar\"],\"inLanguage\":\"es\"},{\"@type\":\"WebPage\",\"@id\":\"https:\\\/\\\/aspanin.cat\\\/es\\\/3-de-diciembre-dia-internacional-de-las-personas-con-discapacidad\\\/\",\"url\":\"https:\\\/\\\/aspanin.cat\\\/es\\\/3-de-diciembre-dia-internacional-de-las-personas-con-discapacidad\\\/\",\"name\":\"3 de diciembre - D\u00eda internacional de las personas con discapacidad - ASPANIN\",\"isPartOf\":{\"@id\":\"https:\\\/\\\/aspanin.cat\\\/es\\\/#website\"},\"primaryImageOfPage\":{\"@id\":\"https:\\\/\\\/aspanin.cat\\\/es\\\/3-de-diciembre-dia-internacional-de-las-personas-con-discapacidad\\\/#primaryimage\"},\"image\":{\"@id\":\"https:\\\/\\\/aspanin.cat\\\/es\\\/3-de-diciembre-dia-internacional-de-las-personas-con-discapacidad\\\/#primaryimage\"},\"thumbnailUrl\":\"https:\\\/\\\/aspanin.cat\\\/wp-content\\\/uploads\\\/2023\\\/12\\\/Cartell.jpg\",\"datePublished\":\"2023-12-05T11:35:01+00:00\",\"inLanguage\":\"es\",\"potentialAction\":[{\"@type\":\"ReadAction\",\"target\":[\"https:\\\/\\\/aspanin.cat\\\/es\\\/3-de-diciembre-dia-internacional-de-las-personas-con-discapacidad\\\/\"]}]},{\"@type\":\"ImageObject\",\"inLanguage\":\"es\",\"@id\":\"https:\\\/\\\/aspanin.cat\\\/es\\\/3-de-diciembre-dia-internacional-de-las-personas-con-discapacidad\\\/#primaryimage\",\"url\":\"https:\\\/\\\/aspanin.cat\\\/wp-content\\\/uploads\\\/2023\\\/12\\\/Cartell.jpg\",\"contentUrl\":\"https:\\\/\\\/aspanin.cat\\\/wp-content\\\/uploads\\\/2023\\\/12\\\/Cartell.jpg\",\"width\":2289,\"height\":1117},{\"@type\":\"WebSite\",\"@id\":\"https:\\\/\\\/aspanin.cat\\\/es\\\/#website\",\"url\":\"https:\\\/\\\/aspanin.cat\\\/es\\\/\",\"name\":\"ASPANIN\",\"description\":\"Pro persones amb discapacitat intel\u00b7lectual i les seves fam\u00edlies\",\"publisher\":{\"@id\":\"https:\\\/\\\/aspanin.cat\\\/es\\\/#organization\"},\"potentialAction\":[{\"@type\":\"SearchAction\",\"target\":{\"@type\":\"EntryPoint\",\"urlTemplate\":\"https:\\\/\\\/aspanin.cat\\\/es\\\/?s={search_term_string}\"},\"query-input\":{\"@type\":\"PropertyValueSpecification\",\"valueRequired\":true,\"valueName\":\"search_term_string\"}}],\"inLanguage\":\"es\"},{\"@type\":\"Organization\",\"@id\":\"https:\\\/\\\/aspanin.cat\\\/es\\\/#organization\",\"name\":\"ASPANIN\",\"url\":\"https:\\\/\\\/aspanin.cat\\\/es\\\/\",\"logo\":{\"@type\":\"ImageObject\",\"inLanguage\":\"es\",\"@id\":\"https:\\\/\\\/aspanin.cat\\\/es\\\/#\\\/schema\\\/logo\\\/image\\\/\",\"url\":\"https:\\\/\\\/aspanin.cat\\\/wp-content\\\/uploads\\\/2020\\\/07\\\/logo.gif\",\"contentUrl\":\"https:\\\/\\\/aspanin.cat\\\/wp-content\\\/uploads\\\/2020\\\/07\\\/logo.gif\",\"width\":587,\"height\":190,\"caption\":\"ASPANIN\"},\"image\":{\"@id\":\"https:\\\/\\\/aspanin.cat\\\/es\\\/#\\\/schema\\\/logo\\\/image\\\/\"}},{\"@type\":\"Person\",\"@id\":\"https:\\\/\\\/aspanin.cat\\\/es\\\/#\\\/schema\\\/person\\\/bbbea8708fbbac7fb2cac0d8a6c3a92c\",\"name\":\"comunicacio\",\"image\":{\"@type\":\"ImageObject\",\"inLanguage\":\"es\",\"@id\":\"https:\\\/\\\/secure.gravatar.com\\\/avatar\\\/b722203796b4af835d22cacca42cd3c0154c3f9c39f29a59300bd9253e4a84d3?s=96&d=mm&r=g\",\"url\":\"https:\\\/\\\/secure.gravatar.com\\\/avatar\\\/b722203796b4af835d22cacca42cd3c0154c3f9c39f29a59300bd9253e4a84d3?s=96&d=mm&r=g\",\"contentUrl\":\"https:\\\/\\\/secure.gravatar.com\\\/avatar\\\/b722203796b4af835d22cacca42cd3c0154c3f9c39f29a59300bd9253e4a84d3?s=96&d=mm&r=g\",\"caption\":\"comunicacio\"},\"url\":\"https:\\\/\\\/aspanin.cat\\\/es\\\/author\\\/comunicacio\\\/\"}]}<\/script>\n<!-- \/ Yoast SEO plugin. -->","yoast_head_json":{"title":"3 de diciembre - D\u00eda internacional de las personas con discapacidad - ASPANIN","robots":{"index":"index","follow":"follow","max-snippet":"max-snippet:-1","max-image-preview":"max-image-preview:large","max-video-preview":"max-video-preview:-1"},"canonical":"https:\/\/aspanin.cat\/es\/3-de-diciembre-dia-internacional-de-las-personas-con-discapacidad\/","og_locale":"es_ES","og_type":"article","og_title":"3 de diciembre - D\u00eda internacional de las personas con discapacidad - ASPANIN","og_description":"Ayer como cada 3 de diciembre hemos salido a la calle para reivindicar los derechos de las personas con discapacidad intelectual y\/o salud mental. Para poner de manifiesto su voluntad y capacidad de vivir plenamente sus derechos y alentar a la poblaci\u00f3n a respetarlos y contribuir en su logro. Adem\u00e1s este a\u00f1o hicimos la presentaci\u00f3n [&hellip;]","og_url":"https:\/\/aspanin.cat\/es\/3-de-diciembre-dia-internacional-de-las-personas-con-discapacidad\/","og_site_name":"ASPANIN","article_published_time":"2023-12-05T11:35:01+00:00","og_image":[{"width":2289,"height":1117,"url":"https:\/\/aspanin.cat\/wp-content\/uploads\/2023\/12\/Cartell.jpg","type":"image\/jpeg"}],"author":"comunicacio","twitter_card":"summary_large_image","twitter_misc":{"Escrito por":"comunicacio","Tiempo de lectura":"2 minutos"},"schema":{"@context":"https:\/\/schema.org","@graph":[{"@type":"Article","@id":"https:\/\/aspanin.cat\/es\/3-de-diciembre-dia-internacional-de-las-personas-con-discapacidad\/#article","isPartOf":{"@id":"https:\/\/aspanin.cat\/es\/3-de-diciembre-dia-internacional-de-las-personas-con-discapacidad\/"},"author":{"name":"comunicacio","@id":"https:\/\/aspanin.cat\/es\/#\/schema\/person\/bbbea8708fbbac7fb2cac0d8a6c3a92c"},"headline":"3 de diciembre &#8211; D\u00eda internacional de las personas con discapacidad","datePublished":"2023-12-05T11:35:01+00:00","mainEntityOfPage":{"@id":"https:\/\/aspanin.cat\/es\/3-de-diciembre-dia-internacional-de-las-personas-con-discapacidad\/"},"wordCount":381,"publisher":{"@id":"https:\/\/aspanin.cat\/es\/#organization"},"image":{"@id":"https:\/\/aspanin.cat\/es\/3-de-diciembre-dia-internacional-de-las-personas-con-discapacidad\/#primaryimage"},"thumbnailUrl":"https:\/\/aspanin.cat\/wp-content\/uploads\/2023\/12\/Cartell.jpg","articleSection":["Sin categorizar"],"inLanguage":"es"},{"@type":"WebPage","@id":"https:\/\/aspanin.cat\/es\/3-de-diciembre-dia-internacional-de-las-personas-con-discapacidad\/","url":"https:\/\/aspanin.cat\/es\/3-de-diciembre-dia-internacional-de-las-personas-con-discapacidad\/","name":"3 de diciembre - D\u00eda internacional de las personas con discapacidad - ASPANIN","isPartOf":{"@id":"https:\/\/aspanin.cat\/es\/#website"},"primaryImageOfPage":{"@id":"https:\/\/aspanin.cat\/es\/3-de-diciembre-dia-internacional-de-las-personas-con-discapacidad\/#primaryimage"},"image":{"@id":"https:\/\/aspanin.cat\/es\/3-de-diciembre-dia-internacional-de-las-personas-con-discapacidad\/#primaryimage"},"thumbnailUrl":"https:\/\/aspanin.cat\/wp-content\/uploads\/2023\/12\/Cartell.jpg","datePublished":"2023-12-05T11:35:01+00:00","inLanguage":"es","potentialAction":[{"@type":"ReadAction","target":["https:\/\/aspanin.cat\/es\/3-de-diciembre-dia-internacional-de-las-personas-con-discapacidad\/"]}]},{"@type":"ImageObject","inLanguage":"es","@id":"https:\/\/aspanin.cat\/es\/3-de-diciembre-dia-internacional-de-las-personas-con-discapacidad\/#primaryimage","url":"https:\/\/aspanin.cat\/wp-content\/uploads\/2023\/12\/Cartell.jpg","contentUrl":"https:\/\/aspanin.cat\/wp-content\/uploads\/2023\/12\/Cartell.jpg","width":2289,"height":1117},{"@type":"WebSite","@id":"https:\/\/aspanin.cat\/es\/#website","url":"https:\/\/aspanin.cat\/es\/","name":"ASPANIN","description":"Pro persones amb discapacitat intel\u00b7lectual i les seves fam\u00edlies","publisher":{"@id":"https:\/\/aspanin.cat\/es\/#organization"},"potentialAction":[{"@type":"SearchAction","target":{"@type":"EntryPoint","urlTemplate":"https:\/\/aspanin.cat\/es\/?s={search_term_string}"},"query-input":{"@type":"PropertyValueSpecification","valueRequired":true,"valueName":"search_term_string"}}],"inLanguage":"es"},{"@type":"Organization","@id":"https:\/\/aspanin.cat\/es\/#organization","name":"ASPANIN","url":"https:\/\/aspanin.cat\/es\/","logo":{"@type":"ImageObject","inLanguage":"es","@id":"https:\/\/aspanin.cat\/es\/#\/schema\/logo\/image\/","url":"https:\/\/aspanin.cat\/wp-content\/uploads\/2020\/07\/logo.gif","contentUrl":"https:\/\/aspanin.cat\/wp-content\/uploads\/2020\/07\/logo.gif","width":587,"height":190,"caption":"ASPANIN"},"image":{"@id":"https:\/\/aspanin.cat\/es\/#\/schema\/logo\/image\/"}},{"@type":"Person","@id":"https:\/\/aspanin.cat\/es\/#\/schema\/person\/bbbea8708fbbac7fb2cac0d8a6c3a92c","name":"comunicacio","image":{"@type":"ImageObject","inLanguage":"es","@id":"https:\/\/secure.gravatar.com\/avatar\/b722203796b4af835d22cacca42cd3c0154c3f9c39f29a59300bd9253e4a84d3?s=96&d=mm&r=g","url":"https:\/\/secure.gravatar.com\/avatar\/b722203796b4af835d22cacca42cd3c0154c3f9c39f29a59300bd9253e4a84d3?s=96&d=mm&r=g","contentUrl":"https:\/\/secure.gravatar.com\/avatar\/b722203796b4af835d22cacca42cd3c0154c3f9c39f29a59300bd9253e4a84d3?s=96&d=mm&r=g","caption":"comunicacio"},"url":"https:\/\/aspanin.cat\/es\/author\/comunicacio\/"}]}},"_links":{"self":[{"href":"https:\/\/aspanin.cat\/es\/wp-json\/wp\/v2\/posts\/13414","targetHints":{"allow":["GET"]}}],"collection":[{"href":"https:\/\/aspanin.cat\/es\/wp-json\/wp\/v2\/posts"}],"about":[{"href":"https:\/\/aspanin.cat\/es\/wp-json\/wp\/v2\/types\/post"}],"author":[{"embeddable":true,"href":"https:\/\/aspanin.cat\/es\/wp-json\/wp\/v2\/users\/2"}],"replies":[{"embeddable":true,"href":"https:\/\/aspanin.cat\/es\/wp-json\/wp\/v2\/comments?post=13414"}],"version-history":[{"count":0,"href":"https:\/\/aspanin.cat\/es\/wp-json\/wp\/v2\/posts\/13414\/revisions"}],"wp:featuredmedia":[{"embeddable":true,"href":"https:\/\/aspanin.cat\/es\/wp-json\/wp\/v2\/media\/13294"}],"wp:attachment":[{"href":"https:\/\/aspanin.cat\/es\/wp-json\/wp\/v2\/media?parent=13414"}],"wp:term":[{"taxonomy":"category","embeddable":true,"href":"https:\/\/aspanin.cat\/es\/wp-json\/wp\/v2\/categories?post=13414"},{"taxonomy":"post_tag","embeddable":true,"href":"https:\/\/aspanin.cat\/es\/wp-json\/wp\/v2\/tags?post=13414"}],"curies":[{"name":"wp","href":"https:\/\/api.w.org\/{rel}","templated":true}]}}