{"id":13406,"date":"2024-03-21T14:41:26","date_gmt":"2024-03-21T14:41:26","guid":{"rendered":"https:\/\/aspanin.cat\/dia-mundial-del-sindrome-de-down\/"},"modified":"2024-03-27T18:04:40","modified_gmt":"2024-03-27T18:04:40","slug":"dia-mundial-del-sindrome-de-down","status":"publish","type":"post","link":"https:\/\/aspanin.cat\/es\/dia-mundial-del-sindrome-de-down\/","title":{"rendered":"D\u00eda mundial del S\u00edndrome de Down"},"content":{"rendered":"\t\t<div data-elementor-type=\"wp-post\" data-elementor-id=\"13406\" class=\"elementor elementor-13406 elementor-13372\" data-elementor-post-type=\"post\">\n\t\t\t\t\t\t<section class=\"elementor-section elementor-top-section elementor-element elementor-element-3e2e7f65 elementor-section-boxed elementor-section-height-default elementor-section-height-default\" data-id=\"3e2e7f65\" data-element_type=\"section\" data-e-type=\"section\">\n\t\t\t\t\t\t<div class=\"elementor-container elementor-column-gap-default\">\n\t\t\t\t\t<div class=\"elementor-column elementor-col-100 elementor-top-column elementor-element elementor-element-40da115\" data-id=\"40da115\" data-element_type=\"column\" data-e-type=\"column\">\n\t\t\t<div class=\"elementor-widget-wrap elementor-element-populated\">\n\t\t\t\t\t\t<div class=\"elementor-element elementor-element-779cc3ba elementor-widget elementor-widget-text-editor\" data-id=\"779cc3ba\" data-element_type=\"widget\" data-e-type=\"widget\" data-widget_type=\"text-editor.default\">\n\t\t\t\t\t\t\t\t\t<p>Compartimos un anuncio creado por la asociaci\u00f3n <em><strong>Canadian Down Syndrome<\/strong><\/em>, para concienciar de la necesidad de creer en lo que son capaces de hacer las personas con S\u00edndrome de Down. Creemos que se puede aplicar a todas las discapacidades.<\/p>\n\t\t\t\t\t\t\t\t<\/div>\n\t\t\t\t<div class=\"elementor-element elementor-element-48ae95b elementor-widget elementor-widget-video\" data-id=\"48ae95b\" data-element_type=\"widget\" data-e-type=\"widget\" data-settings=\"{&quot;video_type&quot;:&quot;hosted&quot;,&quot;controls&quot;:&quot;yes&quot;}\" data-widget_type=\"video.default\">\n\t\t\t\t\t\t\t<div class=\"e-hosted-video elementor-wrapper elementor-open-inline\">\n\t\t\t\t\t<video class=\"elementor-video\" src=\"https:\/\/aspanin.cat\/wp-content\/uploads\/2024\/03\/Assume-That-I-Can-_-Global-World-Down-Syndrome-Day-Campaign-2024.mp4\" controls=\"\" preload=\"metadata\" controlsList=\"nodownload\"><\/video>\n\t\t\t\t<\/div>\n\t\t\t\t\t\t<\/div>\n\t\t\t\t<div class=\"elementor-element elementor-element-75b2e9f elementor-widget elementor-widget-text-editor\" data-id=\"75b2e9f\" data-element_type=\"widget\" data-e-type=\"widget\" data-widget_type=\"text-editor.default\">\n\t\t\t\t\t\t\t\t\t<p><em>-\u00a1Eh! \u00a1Camarera! Das por hecho que no puedo beber un Margarita, as\u00ed que no me sirves un Margarita, y por tanto, no me tomo un Margarita.<\/em><\/p>\n<p><em>Lo que est\u00e1s dando por hecho, se hace realidad.<\/em><\/p>\n<p><em>Y, padres, dais por hecho que no puedo vivir por mi cuenta, as\u00ed que no me alent\u00e1is a vivir por mi cuenta y por tanto, no vivo por mi cuenta.<\/em><\/p>\n<p><em>Entrenador, das por hecho que no puedo boxear m\u00e1s fuerte, as\u00ed que no me entrenas para boxear m\u00e1s fuerte, y por tanto, no boxeo m\u00e1s fuerte.<\/em><\/p>\n<p><em>Y profesor, das por hecho que no puedo aprender Shakespeare, as\u00ed que no me ense\u00f1as Shakespeare, por lo tanto, no aprendo Shakespeare.<\/em><\/p>\n<p><em>Pero, \u00a1eh! Si todo el que das por hecho se hace realidad\u2026<\/em><\/p>\n<p><em>Entonces, da por hecho que puedo tomar un Margarita, me servir\u00e1s un Margarita y por tanto, tomar\u00e9 un Margarita.<\/em><\/p>\n<p><em>Da por hecho que puedo vivir por mi cuenta, y por tanto vivir\u00e9 por mi cuenta.<\/em><\/p>\n<p><em>Da por hecho que puedo boxear m\u00e1s fuerte, y por tanto boxear\u00e9 m\u00e1s fuerte.<\/em><\/p>\n<p><em>Da por hecho que puedo aprender Shakespeare y por tanto, aprender\u00e9 Shakespeare, cojones!<\/em><\/p>\n<p><em>Das por hecho que no puedo decir palabrotas, \u00bfverdad?<\/em><\/p>\n<p><em>Da por hecho que puedo hacer este trabajo, que puedo ir de fiesta, que puedo tener sexo, que puedo estar arriba de un escenario,\u2026<\/em><\/p>\n<p><strong><em>DA POR HECHO QUE PUEDO Y POR TANTO, QUIZ\u00c1S, PODR\u00c9<\/em><\/strong><\/p>\n\t\t\t\t\t\t\t\t<\/div>\n\t\t\t\t\t<\/div>\n\t\t<\/div>\n\t\t\t\t\t<\/div>\n\t\t<\/section>\n\t\t\t\t<\/div>\n\t\t","protected":false},"excerpt":{"rendered":"<p>Compartimos un anuncio creado por la asociaci\u00f3n Canadian Down Syndrome, para concienciar de la necesidad de creer en lo que son capaces de hacer las personas con S\u00edndrome de Down. Creemos que se puede aplicar a todas las discapacidades. https:\/\/aspanin.cat\/wp-content\/uploads\/2024\/03\/Assume-That-I-Can-_-Global-World-Down-Syndrome-Day-Campaign-2024.mp4 -\u00a1Eh! \u00a1Camarera! Das por hecho que no puedo beber un Margarita, as\u00ed que no me [&hellip;]<\/p>\n","protected":false},"author":2,"featured_media":13374,"comment_status":"closed","ping_status":"open","sticky":false,"template":"","format":"standard","meta":{"site-sidebar-layout":"default","site-content-layout":"","ast-site-content-layout":"default","site-content-style":"default","site-sidebar-style":"default","ast-global-header-display":"","ast-banner-title-visibility":"","ast-main-header-display":"","ast-hfb-above-header-display":"","ast-hfb-below-header-display":"","ast-hfb-mobile-header-display":"","site-post-title":"","ast-breadcrumbs-content":"","ast-featured-img":"","footer-sml-layout":"","ast-disable-related-posts":"","theme-transparent-header-meta":"default","adv-header-id-meta":"","stick-header-meta":"","header-above-stick-meta":"","header-main-stick-meta":"","header-below-stick-meta":"","astra-migrate-meta-layouts":"default","ast-page-background-enabled":"default","ast-page-background-meta":{"desktop":{"background-color":"var(--ast-global-color-4)","background-image":"","background-repeat":"repeat","background-position":"center center","background-size":"auto","background-attachment":"scroll","background-type":"","background-media":"","overlay-type":"","overlay-color":"","overlay-opacity":"","overlay-gradient":""},"tablet":{"background-color":"","background-image":"","background-repeat":"repeat","background-position":"center center","background-size":"auto","background-attachment":"scroll","background-type":"","background-media":"","overlay-type":"","overlay-color":"","overlay-opacity":"","overlay-gradient":""},"mobile":{"background-color":"","background-image":"","background-repeat":"repeat","background-position":"center center","background-size":"auto","background-attachment":"scroll","background-type":"","background-media":"","overlay-type":"","overlay-color":"","overlay-opacity":"","overlay-gradient":""}},"ast-content-background-meta":{"desktop":{"background-color":"var(--ast-global-color-5)","background-image":"","background-repeat":"repeat","background-position":"center center","background-size":"auto","background-attachment":"scroll","background-type":"","background-media":"","overlay-type":"","overlay-color":"","overlay-opacity":"","overlay-gradient":""},"tablet":{"background-color":"var(--ast-global-color-5)","background-image":"","background-repeat":"repeat","background-position":"center center","background-size":"auto","background-attachment":"scroll","background-type":"","background-media":"","overlay-type":"","overlay-color":"","overlay-opacity":"","overlay-gradient":""},"mobile":{"background-color":"var(--ast-global-color-5)","background-image":"","background-repeat":"repeat","background-position":"center center","background-size":"auto","background-attachment":"scroll","background-type":"","background-media":"","overlay-type":"","overlay-color":"","overlay-opacity":"","overlay-gradient":""}},"footnotes":""},"categories":[1],"tags":[],"class_list":["post-13406","post","type-post","status-publish","format-standard","has-post-thumbnail","hentry","category-sin-categorizar"],"yoast_head":"<!-- This site is optimized with the Yoast SEO plugin v27.5 - https:\/\/yoast.com\/product\/yoast-seo-wordpress\/ -->\n<title>D\u00eda mundial del S\u00edndrome de Down - ASPANIN<\/title>\n<meta name=\"robots\" content=\"index, follow, max-snippet:-1, max-image-preview:large, max-video-preview:-1\" \/>\n<link rel=\"canonical\" href=\"https:\/\/aspanin.cat\/es\/dia-mundial-del-sindrome-de-down\/\" \/>\n<meta property=\"og:locale\" content=\"es_ES\" \/>\n<meta property=\"og:type\" content=\"article\" \/>\n<meta property=\"og:title\" content=\"D\u00eda mundial del S\u00edndrome de Down - ASPANIN\" \/>\n<meta property=\"og:description\" content=\"Compartimos un anuncio creado por la asociaci\u00f3n Canadian Down Syndrome, para concienciar de la necesidad de creer en lo que son capaces de hacer las personas con S\u00edndrome de Down. Creemos que se puede aplicar a todas las discapacidades. https:\/\/aspanin.cat\/wp-content\/uploads\/2024\/03\/Assume-That-I-Can-_-Global-World-Down-Syndrome-Day-Campaign-2024.mp4 -\u00a1Eh! \u00a1Camarera! Das por hecho que no puedo beber un Margarita, as\u00ed que no me [&hellip;]\" \/>\n<meta property=\"og:url\" content=\"https:\/\/aspanin.cat\/es\/dia-mundial-del-sindrome-de-down\/\" \/>\n<meta property=\"og:site_name\" content=\"ASPANIN\" \/>\n<meta property=\"article:published_time\" content=\"2024-03-21T14:41:26+00:00\" \/>\n<meta property=\"article:modified_time\" content=\"2024-03-27T18:04:40+00:00\" \/>\n<meta property=\"og:image\" content=\"https:\/\/aspanin.cat\/wp-content\/uploads\/2024\/03\/WhatsApp-Image-2024-03-21-at-15.38.36.jpeg\" \/>\n\t<meta property=\"og:image:width\" content=\"1136\" \/>\n\t<meta property=\"og:image:height\" content=\"640\" \/>\n\t<meta property=\"og:image:type\" content=\"image\/jpeg\" \/>\n<meta name=\"author\" content=\"comunicacio\" \/>\n<meta name=\"twitter:card\" content=\"summary_large_image\" \/>\n<meta name=\"twitter:label1\" content=\"Escrito por\" \/>\n\t<meta name=\"twitter:data1\" content=\"comunicacio\" \/>\n\t<meta name=\"twitter:label2\" content=\"Tiempo de lectura\" \/>\n\t<meta name=\"twitter:data2\" content=\"1 minuto\" \/>\n<script type=\"application\/ld+json\" class=\"yoast-schema-graph\">{\"@context\":\"https:\\\/\\\/schema.org\",\"@graph\":[{\"@type\":\"Article\",\"@id\":\"https:\\\/\\\/aspanin.cat\\\/es\\\/dia-mundial-del-sindrome-de-down\\\/#article\",\"isPartOf\":{\"@id\":\"https:\\\/\\\/aspanin.cat\\\/es\\\/dia-mundial-del-sindrome-de-down\\\/\"},\"author\":{\"name\":\"comunicacio\",\"@id\":\"https:\\\/\\\/aspanin.cat\\\/es\\\/#\\\/schema\\\/person\\\/bbbea8708fbbac7fb2cac0d8a6c3a92c\"},\"headline\":\"D\u00eda mundial del S\u00edndrome de Down\",\"datePublished\":\"2024-03-21T14:41:26+00:00\",\"dateModified\":\"2024-03-27T18:04:40+00:00\",\"mainEntityOfPage\":{\"@id\":\"https:\\\/\\\/aspanin.cat\\\/es\\\/dia-mundial-del-sindrome-de-down\\\/\"},\"wordCount\":298,\"publisher\":{\"@id\":\"https:\\\/\\\/aspanin.cat\\\/es\\\/#organization\"},\"image\":{\"@id\":\"https:\\\/\\\/aspanin.cat\\\/es\\\/dia-mundial-del-sindrome-de-down\\\/#primaryimage\"},\"thumbnailUrl\":\"https:\\\/\\\/aspanin.cat\\\/wp-content\\\/uploads\\\/2024\\\/03\\\/WhatsApp-Image-2024-03-21-at-15.38.36.jpeg\",\"articleSection\":[\"Sin categorizar\"],\"inLanguage\":\"es\"},{\"@type\":\"WebPage\",\"@id\":\"https:\\\/\\\/aspanin.cat\\\/es\\\/dia-mundial-del-sindrome-de-down\\\/\",\"url\":\"https:\\\/\\\/aspanin.cat\\\/es\\\/dia-mundial-del-sindrome-de-down\\\/\",\"name\":\"D\u00eda mundial del S\u00edndrome de Down - ASPANIN\",\"isPartOf\":{\"@id\":\"https:\\\/\\\/aspanin.cat\\\/es\\\/#website\"},\"primaryImageOfPage\":{\"@id\":\"https:\\\/\\\/aspanin.cat\\\/es\\\/dia-mundial-del-sindrome-de-down\\\/#primaryimage\"},\"image\":{\"@id\":\"https:\\\/\\\/aspanin.cat\\\/es\\\/dia-mundial-del-sindrome-de-down\\\/#primaryimage\"},\"thumbnailUrl\":\"https:\\\/\\\/aspanin.cat\\\/wp-content\\\/uploads\\\/2024\\\/03\\\/WhatsApp-Image-2024-03-21-at-15.38.36.jpeg\",\"datePublished\":\"2024-03-21T14:41:26+00:00\",\"dateModified\":\"2024-03-27T18:04:40+00:00\",\"inLanguage\":\"es\",\"potentialAction\":[{\"@type\":\"ReadAction\",\"target\":[\"https:\\\/\\\/aspanin.cat\\\/es\\\/dia-mundial-del-sindrome-de-down\\\/\"]}]},{\"@type\":\"ImageObject\",\"inLanguage\":\"es\",\"@id\":\"https:\\\/\\\/aspanin.cat\\\/es\\\/dia-mundial-del-sindrome-de-down\\\/#primaryimage\",\"url\":\"https:\\\/\\\/aspanin.cat\\\/wp-content\\\/uploads\\\/2024\\\/03\\\/WhatsApp-Image-2024-03-21-at-15.38.36.jpeg\",\"contentUrl\":\"https:\\\/\\\/aspanin.cat\\\/wp-content\\\/uploads\\\/2024\\\/03\\\/WhatsApp-Image-2024-03-21-at-15.38.36.jpeg\",\"width\":1136,\"height\":640},{\"@type\":\"WebSite\",\"@id\":\"https:\\\/\\\/aspanin.cat\\\/es\\\/#website\",\"url\":\"https:\\\/\\\/aspanin.cat\\\/es\\\/\",\"name\":\"ASPANIN\",\"description\":\"Pro persones amb discapacitat intel\u00b7lectual i les seves fam\u00edlies\",\"publisher\":{\"@id\":\"https:\\\/\\\/aspanin.cat\\\/es\\\/#organization\"},\"potentialAction\":[{\"@type\":\"SearchAction\",\"target\":{\"@type\":\"EntryPoint\",\"urlTemplate\":\"https:\\\/\\\/aspanin.cat\\\/es\\\/?s={search_term_string}\"},\"query-input\":{\"@type\":\"PropertyValueSpecification\",\"valueRequired\":true,\"valueName\":\"search_term_string\"}}],\"inLanguage\":\"es\"},{\"@type\":\"Organization\",\"@id\":\"https:\\\/\\\/aspanin.cat\\\/es\\\/#organization\",\"name\":\"ASPANIN\",\"url\":\"https:\\\/\\\/aspanin.cat\\\/es\\\/\",\"logo\":{\"@type\":\"ImageObject\",\"inLanguage\":\"es\",\"@id\":\"https:\\\/\\\/aspanin.cat\\\/es\\\/#\\\/schema\\\/logo\\\/image\\\/\",\"url\":\"https:\\\/\\\/aspanin.cat\\\/wp-content\\\/uploads\\\/2020\\\/07\\\/logo.gif\",\"contentUrl\":\"https:\\\/\\\/aspanin.cat\\\/wp-content\\\/uploads\\\/2020\\\/07\\\/logo.gif\",\"width\":587,\"height\":190,\"caption\":\"ASPANIN\"},\"image\":{\"@id\":\"https:\\\/\\\/aspanin.cat\\\/es\\\/#\\\/schema\\\/logo\\\/image\\\/\"}},{\"@type\":\"Person\",\"@id\":\"https:\\\/\\\/aspanin.cat\\\/es\\\/#\\\/schema\\\/person\\\/bbbea8708fbbac7fb2cac0d8a6c3a92c\",\"name\":\"comunicacio\",\"image\":{\"@type\":\"ImageObject\",\"inLanguage\":\"es\",\"@id\":\"https:\\\/\\\/secure.gravatar.com\\\/avatar\\\/b722203796b4af835d22cacca42cd3c0154c3f9c39f29a59300bd9253e4a84d3?s=96&d=mm&r=g\",\"url\":\"https:\\\/\\\/secure.gravatar.com\\\/avatar\\\/b722203796b4af835d22cacca42cd3c0154c3f9c39f29a59300bd9253e4a84d3?s=96&d=mm&r=g\",\"contentUrl\":\"https:\\\/\\\/secure.gravatar.com\\\/avatar\\\/b722203796b4af835d22cacca42cd3c0154c3f9c39f29a59300bd9253e4a84d3?s=96&d=mm&r=g\",\"caption\":\"comunicacio\"},\"url\":\"https:\\\/\\\/aspanin.cat\\\/es\\\/author\\\/comunicacio\\\/\"}]}<\/script>\n<!-- \/ Yoast SEO plugin. -->","yoast_head_json":{"title":"D\u00eda mundial del S\u00edndrome de Down - ASPANIN","robots":{"index":"index","follow":"follow","max-snippet":"max-snippet:-1","max-image-preview":"max-image-preview:large","max-video-preview":"max-video-preview:-1"},"canonical":"https:\/\/aspanin.cat\/es\/dia-mundial-del-sindrome-de-down\/","og_locale":"es_ES","og_type":"article","og_title":"D\u00eda mundial del S\u00edndrome de Down - ASPANIN","og_description":"Compartimos un anuncio creado por la asociaci\u00f3n Canadian Down Syndrome, para concienciar de la necesidad de creer en lo que son capaces de hacer las personas con S\u00edndrome de Down. Creemos que se puede aplicar a todas las discapacidades. https:\/\/aspanin.cat\/wp-content\/uploads\/2024\/03\/Assume-That-I-Can-_-Global-World-Down-Syndrome-Day-Campaign-2024.mp4 -\u00a1Eh! \u00a1Camarera! Das por hecho que no puedo beber un Margarita, as\u00ed que no me [&hellip;]","og_url":"https:\/\/aspanin.cat\/es\/dia-mundial-del-sindrome-de-down\/","og_site_name":"ASPANIN","article_published_time":"2024-03-21T14:41:26+00:00","article_modified_time":"2024-03-27T18:04:40+00:00","og_image":[{"width":1136,"height":640,"url":"https:\/\/aspanin.cat\/wp-content\/uploads\/2024\/03\/WhatsApp-Image-2024-03-21-at-15.38.36.jpeg","type":"image\/jpeg"}],"author":"comunicacio","twitter_card":"summary_large_image","twitter_misc":{"Escrito por":"comunicacio","Tiempo de lectura":"1 minuto"},"schema":{"@context":"https:\/\/schema.org","@graph":[{"@type":"Article","@id":"https:\/\/aspanin.cat\/es\/dia-mundial-del-sindrome-de-down\/#article","isPartOf":{"@id":"https:\/\/aspanin.cat\/es\/dia-mundial-del-sindrome-de-down\/"},"author":{"name":"comunicacio","@id":"https:\/\/aspanin.cat\/es\/#\/schema\/person\/bbbea8708fbbac7fb2cac0d8a6c3a92c"},"headline":"D\u00eda mundial del S\u00edndrome de Down","datePublished":"2024-03-21T14:41:26+00:00","dateModified":"2024-03-27T18:04:40+00:00","mainEntityOfPage":{"@id":"https:\/\/aspanin.cat\/es\/dia-mundial-del-sindrome-de-down\/"},"wordCount":298,"publisher":{"@id":"https:\/\/aspanin.cat\/es\/#organization"},"image":{"@id":"https:\/\/aspanin.cat\/es\/dia-mundial-del-sindrome-de-down\/#primaryimage"},"thumbnailUrl":"https:\/\/aspanin.cat\/wp-content\/uploads\/2024\/03\/WhatsApp-Image-2024-03-21-at-15.38.36.jpeg","articleSection":["Sin categorizar"],"inLanguage":"es"},{"@type":"WebPage","@id":"https:\/\/aspanin.cat\/es\/dia-mundial-del-sindrome-de-down\/","url":"https:\/\/aspanin.cat\/es\/dia-mundial-del-sindrome-de-down\/","name":"D\u00eda mundial del S\u00edndrome de Down - ASPANIN","isPartOf":{"@id":"https:\/\/aspanin.cat\/es\/#website"},"primaryImageOfPage":{"@id":"https:\/\/aspanin.cat\/es\/dia-mundial-del-sindrome-de-down\/#primaryimage"},"image":{"@id":"https:\/\/aspanin.cat\/es\/dia-mundial-del-sindrome-de-down\/#primaryimage"},"thumbnailUrl":"https:\/\/aspanin.cat\/wp-content\/uploads\/2024\/03\/WhatsApp-Image-2024-03-21-at-15.38.36.jpeg","datePublished":"2024-03-21T14:41:26+00:00","dateModified":"2024-03-27T18:04:40+00:00","inLanguage":"es","potentialAction":[{"@type":"ReadAction","target":["https:\/\/aspanin.cat\/es\/dia-mundial-del-sindrome-de-down\/"]}]},{"@type":"ImageObject","inLanguage":"es","@id":"https:\/\/aspanin.cat\/es\/dia-mundial-del-sindrome-de-down\/#primaryimage","url":"https:\/\/aspanin.cat\/wp-content\/uploads\/2024\/03\/WhatsApp-Image-2024-03-21-at-15.38.36.jpeg","contentUrl":"https:\/\/aspanin.cat\/wp-content\/uploads\/2024\/03\/WhatsApp-Image-2024-03-21-at-15.38.36.jpeg","width":1136,"height":640},{"@type":"WebSite","@id":"https:\/\/aspanin.cat\/es\/#website","url":"https:\/\/aspanin.cat\/es\/","name":"ASPANIN","description":"Pro persones amb discapacitat intel\u00b7lectual i les seves fam\u00edlies","publisher":{"@id":"https:\/\/aspanin.cat\/es\/#organization"},"potentialAction":[{"@type":"SearchAction","target":{"@type":"EntryPoint","urlTemplate":"https:\/\/aspanin.cat\/es\/?s={search_term_string}"},"query-input":{"@type":"PropertyValueSpecification","valueRequired":true,"valueName":"search_term_string"}}],"inLanguage":"es"},{"@type":"Organization","@id":"https:\/\/aspanin.cat\/es\/#organization","name":"ASPANIN","url":"https:\/\/aspanin.cat\/es\/","logo":{"@type":"ImageObject","inLanguage":"es","@id":"https:\/\/aspanin.cat\/es\/#\/schema\/logo\/image\/","url":"https:\/\/aspanin.cat\/wp-content\/uploads\/2020\/07\/logo.gif","contentUrl":"https:\/\/aspanin.cat\/wp-content\/uploads\/2020\/07\/logo.gif","width":587,"height":190,"caption":"ASPANIN"},"image":{"@id":"https:\/\/aspanin.cat\/es\/#\/schema\/logo\/image\/"}},{"@type":"Person","@id":"https:\/\/aspanin.cat\/es\/#\/schema\/person\/bbbea8708fbbac7fb2cac0d8a6c3a92c","name":"comunicacio","image":{"@type":"ImageObject","inLanguage":"es","@id":"https:\/\/secure.gravatar.com\/avatar\/b722203796b4af835d22cacca42cd3c0154c3f9c39f29a59300bd9253e4a84d3?s=96&d=mm&r=g","url":"https:\/\/secure.gravatar.com\/avatar\/b722203796b4af835d22cacca42cd3c0154c3f9c39f29a59300bd9253e4a84d3?s=96&d=mm&r=g","contentUrl":"https:\/\/secure.gravatar.com\/avatar\/b722203796b4af835d22cacca42cd3c0154c3f9c39f29a59300bd9253e4a84d3?s=96&d=mm&r=g","caption":"comunicacio"},"url":"https:\/\/aspanin.cat\/es\/author\/comunicacio\/"}]}},"_links":{"self":[{"href":"https:\/\/aspanin.cat\/es\/wp-json\/wp\/v2\/posts\/13406","targetHints":{"allow":["GET"]}}],"collection":[{"href":"https:\/\/aspanin.cat\/es\/wp-json\/wp\/v2\/posts"}],"about":[{"href":"https:\/\/aspanin.cat\/es\/wp-json\/wp\/v2\/types\/post"}],"author":[{"embeddable":true,"href":"https:\/\/aspanin.cat\/es\/wp-json\/wp\/v2\/users\/2"}],"replies":[{"embeddable":true,"href":"https:\/\/aspanin.cat\/es\/wp-json\/wp\/v2\/comments?post=13406"}],"version-history":[{"count":3,"href":"https:\/\/aspanin.cat\/es\/wp-json\/wp\/v2\/posts\/13406\/revisions"}],"predecessor-version":[{"id":13409,"href":"https:\/\/aspanin.cat\/es\/wp-json\/wp\/v2\/posts\/13406\/revisions\/13409"}],"wp:featuredmedia":[{"embeddable":true,"href":"https:\/\/aspanin.cat\/es\/wp-json\/wp\/v2\/media\/13374"}],"wp:attachment":[{"href":"https:\/\/aspanin.cat\/es\/wp-json\/wp\/v2\/media?parent=13406"}],"wp:term":[{"taxonomy":"category","embeddable":true,"href":"https:\/\/aspanin.cat\/es\/wp-json\/wp\/v2\/categories?post=13406"},{"taxonomy":"post_tag","embeddable":true,"href":"https:\/\/aspanin.cat\/es\/wp-json\/wp\/v2\/tags?post=13406"}],"curies":[{"name":"wp","href":"https:\/\/api.w.org\/{rel}","templated":true}]}}