{"id":13402,"date":"2024-03-26T10:05:10","date_gmt":"2024-03-26T10:05:10","guid":{"rendered":"https:\/\/aspanin.cat\/firma-del-convenio-con-la-fundacio-privada-llegat-roca-i-pi\/"},"modified":"2024-03-27T17:36:09","modified_gmt":"2024-03-27T17:36:09","slug":"firma-del-convenio-con-la-fundacio-privada-llegat-roca-i-pi","status":"publish","type":"post","link":"https:\/\/aspanin.cat\/es\/firma-del-convenio-con-la-fundacio-privada-llegat-roca-i-pi\/","title":{"rendered":"Firma del convenio con la Fundaci\u00f3 Privada Llegat Roca i Pi"},"content":{"rendered":"\t\t<div data-elementor-type=\"wp-post\" data-elementor-id=\"13402\" class=\"elementor elementor-13402 elementor-13382\" data-elementor-post-type=\"post\">\n\t\t\t\t\t\t<section class=\"elementor-section elementor-top-section elementor-element elementor-element-77a90c77 elementor-section-boxed elementor-section-height-default elementor-section-height-default\" data-id=\"77a90c77\" data-element_type=\"section\" data-e-type=\"section\">\n\t\t\t\t\t\t<div class=\"elementor-container elementor-column-gap-default\">\n\t\t\t\t\t<div class=\"elementor-column elementor-col-100 elementor-top-column elementor-element elementor-element-37113e47\" data-id=\"37113e47\" data-element_type=\"column\" data-e-type=\"column\">\n\t\t\t<div class=\"elementor-widget-wrap elementor-element-populated\">\n\t\t\t\t\t\t<div class=\"elementor-element elementor-element-99a796f elementor-widget elementor-widget-image\" data-id=\"99a796f\" data-element_type=\"widget\" data-e-type=\"widget\" data-widget_type=\"image.default\">\n\t\t\t\t\t\t\t\t\t\t\t\t\t\t\t<img fetchpriority=\"high\" decoding=\"async\" width=\"873\" height=\"563\" src=\"https:\/\/aspanin.cat\/wp-content\/uploads\/2024\/03\/WhatsApp-Image-2024-03-22-at-16.08.19-1-firma2.jpg\" class=\"attachment-large size-large wp-image-13392\" alt=\"\" srcset=\"https:\/\/aspanin.cat\/wp-content\/uploads\/2024\/03\/WhatsApp-Image-2024-03-22-at-16.08.19-1-firma2.jpg 873w, https:\/\/aspanin.cat\/wp-content\/uploads\/2024\/03\/WhatsApp-Image-2024-03-22-at-16.08.19-1-firma2-300x193.jpg 300w, https:\/\/aspanin.cat\/wp-content\/uploads\/2024\/03\/WhatsApp-Image-2024-03-22-at-16.08.19-1-firma2-768x495.jpg 768w\" sizes=\"(max-width: 873px) 100vw, 873px\" \/>\t\t\t\t\t\t\t\t\t\t\t\t\t\t\t<\/div>\n\t\t\t\t<div class=\"elementor-element elementor-element-54925214 elementor-widget elementor-widget-text-editor\" data-id=\"54925214\" data-element_type=\"widget\" data-e-type=\"widget\" data-widget_type=\"text-editor.default\">\n\t\t\t\t\t\t\t\t\t<p><span style=\"font-size: 16px;\">El pasado viernes fue un d\u00eda muy importante para nuestra entidad, ya que firmamos el convenio con la <strong>Fundaci\u00f3 Privada Llegat Roca i Pi. <\/strong> <\/span><\/p>\n<p><span style=\"font-size: 16px;\">La Fundaci\u00f3 Privada Llegat Roca i Pi, contribuye a hacer que muchos proyectos sociales y educativos de entidades que velan por las personas con riesgo de vulnerabilidad, salgan adelante en nuestra ciudad. <\/span><\/p>\n<p><span style=\"font-size: 16px;\">En nuestro caso, Mar, la responsable de <strong>Acci\u00f3 Social<\/strong> de Roca i Pi, visit\u00f3 Aspanin para conocernos y descubrir qu\u00e9 es lo que hacemos en nuestro servicio de ocio. Le pudimos explicar cu\u00e1les son los retos que se nos presentan y las nuevas propuestas para acercar el ocio a todas las personas con discapacidad intelectual. Y sobre todo cu\u00e1l es el ocio que queremos. <\/span><span style=\"font-size: 16px;\">Un ocio que forme parte de manera natural del ocio que ofrece la ciudad, un compartir y disfrutar con la comunidad. <\/span><\/p>\n<p><span style=\"font-size: 16px;\"><strong>Disfrutando del ocio conjuntamente, podr\u00e1s descubrir el valor de convivir con la discapacidad intelectual<\/strong>. <\/span><\/p>\n<p><span style=\"font-size: 16px;\">Y es aqu\u00ed donde la Fundaci\u00f3 Privada Llegat Roca i Pi, con su apoyo, nos ayuda a sacar adelante esta <strong>transformaci\u00f3n social.<\/strong><\/span><\/p>\n\t\t\t\t\t\t\t\t<\/div>\n\t\t\t\t<div class=\"elementor-element elementor-element-5962fad elementor-widget elementor-widget-image\" data-id=\"5962fad\" data-element_type=\"widget\" data-e-type=\"widget\" data-widget_type=\"image.default\">\n\t\t\t\t\t\t\t\t\t\t\t\t<figure class=\"wp-caption\">\n\t\t\t\t\t\t\t\t\t\t<img decoding=\"async\" width=\"1024\" height=\"640\" src=\"https:\/\/aspanin.cat\/wp-content\/uploads\/2024\/03\/WhatsApp-Image-2024-03-24-at-20.16.04avio-1024x640.jpg\" class=\"attachment-large size-large wp-image-13396\" alt=\"\" srcset=\"https:\/\/aspanin.cat\/wp-content\/uploads\/2024\/03\/WhatsApp-Image-2024-03-24-at-20.16.04avio-1024x640.jpg 1024w, https:\/\/aspanin.cat\/wp-content\/uploads\/2024\/03\/WhatsApp-Image-2024-03-24-at-20.16.04avio-300x187.jpg 300w, https:\/\/aspanin.cat\/wp-content\/uploads\/2024\/03\/WhatsApp-Image-2024-03-24-at-20.16.04avio-768x480.jpg 768w, https:\/\/aspanin.cat\/wp-content\/uploads\/2024\/03\/WhatsApp-Image-2024-03-24-at-20.16.04avio.jpg 1263w\" sizes=\"(max-width: 1024px) 100vw, 1024px\" \/>\t\t\t\t\t\t\t\t\t\t\t<figcaption class=\"widget-image-caption wp-caption-text\">Viaje a Tenerife, organizado por el servicio de ocio, esta semana Santa 2024<\/figcaption>\n\t\t\t\t\t\t\t\t\t\t<\/figure>\n\t\t\t\t\t\t\t\t\t<\/div>\n\t\t\t\t<div class=\"elementor-element elementor-element-5c91ceb elementor-widget elementor-widget-text-editor\" data-id=\"5c91ceb\" data-element_type=\"widget\" data-e-type=\"widget\" data-widget_type=\"text-editor.default\">\n\t\t\t\t\t\t\t\t\t<p><span style=\"font-size: 16px;\">Si quer\u00e9is leer en m\u00e1s detalle como se desarroll\u00f3 el acto pod\u00e9is visitar el enlace en su web:<\/span><\/p>\n<p><a href=\"https:\/\/rocaipi.cat\/la-fundacio-llegat-roca-i-pi-collabora-amb-32-entitats-socials-a-traves-del-programa-de-convenis-anual-2024\/\">https:\/\/rocaipi.cat\/la-fundacio-llegat-roca-i-pi-collabora-amb-32-entitats-socials-a-traves-del-programa-de-convenis-anual-2024\/<\/a><\/p>\n\t\t\t\t\t\t\t\t<\/div>\n\t\t\t\t\t<\/div>\n\t\t<\/div>\n\t\t\t\t\t<\/div>\n\t\t<\/section>\n\t\t\t\t<\/div>\n\t\t","protected":false},"excerpt":{"rendered":"<p>El pasado viernes fue un d\u00eda muy importante para nuestra entidad, ya que firmamos el convenio con la Fundaci\u00f3 Privada Llegat Roca i Pi. La Fundaci\u00f3 Privada Llegat Roca i Pi, contribuye a hacer que muchos proyectos sociales y educativos de entidades que velan por las personas con riesgo de vulnerabilidad, salgan adelante en nuestra [&hellip;]<\/p>\n","protected":false},"author":2,"featured_media":13384,"comment_status":"closed","ping_status":"open","sticky":false,"template":"","format":"standard","meta":{"site-sidebar-layout":"default","site-content-layout":"","ast-site-content-layout":"default","site-content-style":"default","site-sidebar-style":"default","ast-global-header-display":"","ast-banner-title-visibility":"","ast-main-header-display":"","ast-hfb-above-header-display":"","ast-hfb-below-header-display":"","ast-hfb-mobile-header-display":"","site-post-title":"","ast-breadcrumbs-content":"","ast-featured-img":"","footer-sml-layout":"","ast-disable-related-posts":"","theme-transparent-header-meta":"default","adv-header-id-meta":"","stick-header-meta":"","header-above-stick-meta":"","header-main-stick-meta":"","header-below-stick-meta":"","astra-migrate-meta-layouts":"default","ast-page-background-enabled":"default","ast-page-background-meta":{"desktop":{"background-color":"var(--ast-global-color-4)","background-image":"","background-repeat":"repeat","background-position":"center center","background-size":"auto","background-attachment":"scroll","background-type":"","background-media":"","overlay-type":"","overlay-color":"","overlay-opacity":"","overlay-gradient":""},"tablet":{"background-color":"","background-image":"","background-repeat":"repeat","background-position":"center center","background-size":"auto","background-attachment":"scroll","background-type":"","background-media":"","overlay-type":"","overlay-color":"","overlay-opacity":"","overlay-gradient":""},"mobile":{"background-color":"","background-image":"","background-repeat":"repeat","background-position":"center center","background-size":"auto","background-attachment":"scroll","background-type":"","background-media":"","overlay-type":"","overlay-color":"","overlay-opacity":"","overlay-gradient":""}},"ast-content-background-meta":{"desktop":{"background-color":"var(--ast-global-color-5)","background-image":"","background-repeat":"repeat","background-position":"center center","background-size":"auto","background-attachment":"scroll","background-type":"","background-media":"","overlay-type":"","overlay-color":"","overlay-opacity":"","overlay-gradient":""},"tablet":{"background-color":"var(--ast-global-color-5)","background-image":"","background-repeat":"repeat","background-position":"center center","background-size":"auto","background-attachment":"scroll","background-type":"","background-media":"","overlay-type":"","overlay-color":"","overlay-opacity":"","overlay-gradient":""},"mobile":{"background-color":"var(--ast-global-color-5)","background-image":"","background-repeat":"repeat","background-position":"center center","background-size":"auto","background-attachment":"scroll","background-type":"","background-media":"","overlay-type":"","overlay-color":"","overlay-opacity":"","overlay-gradient":""}},"footnotes":""},"categories":[1],"tags":[],"class_list":["post-13402","post","type-post","status-publish","format-standard","has-post-thumbnail","hentry","category-sin-categorizar"],"yoast_head":"<!-- This site is optimized with the Yoast SEO plugin v27.5 - https:\/\/yoast.com\/product\/yoast-seo-wordpress\/ -->\n<title>Firma del convenio con la Fundaci\u00f3 Privada Llegat Roca i Pi - ASPANIN<\/title>\n<meta name=\"robots\" content=\"index, follow, max-snippet:-1, max-image-preview:large, max-video-preview:-1\" \/>\n<link rel=\"canonical\" href=\"https:\/\/aspanin.cat\/es\/firma-del-convenio-con-la-fundacio-privada-llegat-roca-i-pi\/\" \/>\n<meta property=\"og:locale\" content=\"es_ES\" \/>\n<meta property=\"og:type\" content=\"article\" \/>\n<meta property=\"og:title\" content=\"Firma del convenio con la Fundaci\u00f3 Privada Llegat Roca i Pi - ASPANIN\" \/>\n<meta property=\"og:description\" content=\"El pasado viernes fue un d\u00eda muy importante para nuestra entidad, ya que firmamos el convenio con la Fundaci\u00f3 Privada Llegat Roca i Pi. La Fundaci\u00f3 Privada Llegat Roca i Pi, contribuye a hacer que muchos proyectos sociales y educativos de entidades que velan por las personas con riesgo de vulnerabilidad, salgan adelante en nuestra [&hellip;]\" \/>\n<meta property=\"og:url\" content=\"https:\/\/aspanin.cat\/es\/firma-del-convenio-con-la-fundacio-privada-llegat-roca-i-pi\/\" \/>\n<meta property=\"og:site_name\" content=\"ASPANIN\" \/>\n<meta property=\"article:published_time\" content=\"2024-03-26T10:05:10+00:00\" \/>\n<meta property=\"article:modified_time\" content=\"2024-03-27T17:36:09+00:00\" \/>\n<meta property=\"og:image\" content=\"https:\/\/aspanin.cat\/wp-content\/uploads\/2024\/03\/1-GRUP-convenis2024RocaiPi-entitats-scaled.jpg\" \/>\n\t<meta property=\"og:image:width\" content=\"2560\" \/>\n\t<meta property=\"og:image:height\" content=\"1591\" \/>\n\t<meta property=\"og:image:type\" content=\"image\/jpeg\" \/>\n<meta name=\"author\" content=\"comunicacio\" \/>\n<meta name=\"twitter:card\" content=\"summary_large_image\" \/>\n<meta name=\"twitter:label1\" content=\"Escrito por\" \/>\n\t<meta name=\"twitter:data1\" content=\"comunicacio\" \/>\n\t<meta name=\"twitter:label2\" content=\"Tiempo de lectura\" \/>\n\t<meta name=\"twitter:data2\" content=\"1 minuto\" \/>\n<script type=\"application\/ld+json\" class=\"yoast-schema-graph\">{\"@context\":\"https:\\\/\\\/schema.org\",\"@graph\":[{\"@type\":\"Article\",\"@id\":\"https:\\\/\\\/aspanin.cat\\\/es\\\/firma-del-convenio-con-la-fundacio-privada-llegat-roca-i-pi\\\/#article\",\"isPartOf\":{\"@id\":\"https:\\\/\\\/aspanin.cat\\\/es\\\/firma-del-convenio-con-la-fundacio-privada-llegat-roca-i-pi\\\/\"},\"author\":{\"name\":\"comunicacio\",\"@id\":\"https:\\\/\\\/aspanin.cat\\\/es\\\/#\\\/schema\\\/person\\\/bbbea8708fbbac7fb2cac0d8a6c3a92c\"},\"headline\":\"Firma del convenio con la Fundaci\u00f3 Privada Llegat Roca i Pi\",\"datePublished\":\"2024-03-26T10:05:10+00:00\",\"dateModified\":\"2024-03-27T17:36:09+00:00\",\"mainEntityOfPage\":{\"@id\":\"https:\\\/\\\/aspanin.cat\\\/es\\\/firma-del-convenio-con-la-fundacio-privada-llegat-roca-i-pi\\\/\"},\"wordCount\":231,\"publisher\":{\"@id\":\"https:\\\/\\\/aspanin.cat\\\/es\\\/#organization\"},\"image\":{\"@id\":\"https:\\\/\\\/aspanin.cat\\\/es\\\/firma-del-convenio-con-la-fundacio-privada-llegat-roca-i-pi\\\/#primaryimage\"},\"thumbnailUrl\":\"https:\\\/\\\/aspanin.cat\\\/wp-content\\\/uploads\\\/2024\\\/03\\\/1-GRUP-convenis2024RocaiPi-entitats-scaled.jpg\",\"articleSection\":[\"Sin categorizar\"],\"inLanguage\":\"es\"},{\"@type\":\"WebPage\",\"@id\":\"https:\\\/\\\/aspanin.cat\\\/es\\\/firma-del-convenio-con-la-fundacio-privada-llegat-roca-i-pi\\\/\",\"url\":\"https:\\\/\\\/aspanin.cat\\\/es\\\/firma-del-convenio-con-la-fundacio-privada-llegat-roca-i-pi\\\/\",\"name\":\"Firma del convenio con la Fundaci\u00f3 Privada Llegat Roca i Pi - ASPANIN\",\"isPartOf\":{\"@id\":\"https:\\\/\\\/aspanin.cat\\\/es\\\/#website\"},\"primaryImageOfPage\":{\"@id\":\"https:\\\/\\\/aspanin.cat\\\/es\\\/firma-del-convenio-con-la-fundacio-privada-llegat-roca-i-pi\\\/#primaryimage\"},\"image\":{\"@id\":\"https:\\\/\\\/aspanin.cat\\\/es\\\/firma-del-convenio-con-la-fundacio-privada-llegat-roca-i-pi\\\/#primaryimage\"},\"thumbnailUrl\":\"https:\\\/\\\/aspanin.cat\\\/wp-content\\\/uploads\\\/2024\\\/03\\\/1-GRUP-convenis2024RocaiPi-entitats-scaled.jpg\",\"datePublished\":\"2024-03-26T10:05:10+00:00\",\"dateModified\":\"2024-03-27T17:36:09+00:00\",\"inLanguage\":\"es\",\"potentialAction\":[{\"@type\":\"ReadAction\",\"target\":[\"https:\\\/\\\/aspanin.cat\\\/es\\\/firma-del-convenio-con-la-fundacio-privada-llegat-roca-i-pi\\\/\"]}]},{\"@type\":\"ImageObject\",\"inLanguage\":\"es\",\"@id\":\"https:\\\/\\\/aspanin.cat\\\/es\\\/firma-del-convenio-con-la-fundacio-privada-llegat-roca-i-pi\\\/#primaryimage\",\"url\":\"https:\\\/\\\/aspanin.cat\\\/wp-content\\\/uploads\\\/2024\\\/03\\\/1-GRUP-convenis2024RocaiPi-entitats-scaled.jpg\",\"contentUrl\":\"https:\\\/\\\/aspanin.cat\\\/wp-content\\\/uploads\\\/2024\\\/03\\\/1-GRUP-convenis2024RocaiPi-entitats-scaled.jpg\",\"width\":2560,\"height\":1591},{\"@type\":\"WebSite\",\"@id\":\"https:\\\/\\\/aspanin.cat\\\/es\\\/#website\",\"url\":\"https:\\\/\\\/aspanin.cat\\\/es\\\/\",\"name\":\"ASPANIN\",\"description\":\"Pro persones amb discapacitat intel\u00b7lectual i les seves fam\u00edlies\",\"publisher\":{\"@id\":\"https:\\\/\\\/aspanin.cat\\\/es\\\/#organization\"},\"potentialAction\":[{\"@type\":\"SearchAction\",\"target\":{\"@type\":\"EntryPoint\",\"urlTemplate\":\"https:\\\/\\\/aspanin.cat\\\/es\\\/?s={search_term_string}\"},\"query-input\":{\"@type\":\"PropertyValueSpecification\",\"valueRequired\":true,\"valueName\":\"search_term_string\"}}],\"inLanguage\":\"es\"},{\"@type\":\"Organization\",\"@id\":\"https:\\\/\\\/aspanin.cat\\\/es\\\/#organization\",\"name\":\"ASPANIN\",\"url\":\"https:\\\/\\\/aspanin.cat\\\/es\\\/\",\"logo\":{\"@type\":\"ImageObject\",\"inLanguage\":\"es\",\"@id\":\"https:\\\/\\\/aspanin.cat\\\/es\\\/#\\\/schema\\\/logo\\\/image\\\/\",\"url\":\"https:\\\/\\\/aspanin.cat\\\/wp-content\\\/uploads\\\/2020\\\/07\\\/logo.gif\",\"contentUrl\":\"https:\\\/\\\/aspanin.cat\\\/wp-content\\\/uploads\\\/2020\\\/07\\\/logo.gif\",\"width\":587,\"height\":190,\"caption\":\"ASPANIN\"},\"image\":{\"@id\":\"https:\\\/\\\/aspanin.cat\\\/es\\\/#\\\/schema\\\/logo\\\/image\\\/\"}},{\"@type\":\"Person\",\"@id\":\"https:\\\/\\\/aspanin.cat\\\/es\\\/#\\\/schema\\\/person\\\/bbbea8708fbbac7fb2cac0d8a6c3a92c\",\"name\":\"comunicacio\",\"image\":{\"@type\":\"ImageObject\",\"inLanguage\":\"es\",\"@id\":\"https:\\\/\\\/secure.gravatar.com\\\/avatar\\\/b722203796b4af835d22cacca42cd3c0154c3f9c39f29a59300bd9253e4a84d3?s=96&d=mm&r=g\",\"url\":\"https:\\\/\\\/secure.gravatar.com\\\/avatar\\\/b722203796b4af835d22cacca42cd3c0154c3f9c39f29a59300bd9253e4a84d3?s=96&d=mm&r=g\",\"contentUrl\":\"https:\\\/\\\/secure.gravatar.com\\\/avatar\\\/b722203796b4af835d22cacca42cd3c0154c3f9c39f29a59300bd9253e4a84d3?s=96&d=mm&r=g\",\"caption\":\"comunicacio\"},\"url\":\"https:\\\/\\\/aspanin.cat\\\/es\\\/author\\\/comunicacio\\\/\"}]}<\/script>\n<!-- \/ Yoast SEO plugin. -->","yoast_head_json":{"title":"Firma del convenio con la Fundaci\u00f3 Privada Llegat Roca i Pi - ASPANIN","robots":{"index":"index","follow":"follow","max-snippet":"max-snippet:-1","max-image-preview":"max-image-preview:large","max-video-preview":"max-video-preview:-1"},"canonical":"https:\/\/aspanin.cat\/es\/firma-del-convenio-con-la-fundacio-privada-llegat-roca-i-pi\/","og_locale":"es_ES","og_type":"article","og_title":"Firma del convenio con la Fundaci\u00f3 Privada Llegat Roca i Pi - ASPANIN","og_description":"El pasado viernes fue un d\u00eda muy importante para nuestra entidad, ya que firmamos el convenio con la Fundaci\u00f3 Privada Llegat Roca i Pi. La Fundaci\u00f3 Privada Llegat Roca i Pi, contribuye a hacer que muchos proyectos sociales y educativos de entidades que velan por las personas con riesgo de vulnerabilidad, salgan adelante en nuestra [&hellip;]","og_url":"https:\/\/aspanin.cat\/es\/firma-del-convenio-con-la-fundacio-privada-llegat-roca-i-pi\/","og_site_name":"ASPANIN","article_published_time":"2024-03-26T10:05:10+00:00","article_modified_time":"2024-03-27T17:36:09+00:00","og_image":[{"width":2560,"height":1591,"url":"https:\/\/aspanin.cat\/wp-content\/uploads\/2024\/03\/1-GRUP-convenis2024RocaiPi-entitats-scaled.jpg","type":"image\/jpeg"}],"author":"comunicacio","twitter_card":"summary_large_image","twitter_misc":{"Escrito por":"comunicacio","Tiempo de lectura":"1 minuto"},"schema":{"@context":"https:\/\/schema.org","@graph":[{"@type":"Article","@id":"https:\/\/aspanin.cat\/es\/firma-del-convenio-con-la-fundacio-privada-llegat-roca-i-pi\/#article","isPartOf":{"@id":"https:\/\/aspanin.cat\/es\/firma-del-convenio-con-la-fundacio-privada-llegat-roca-i-pi\/"},"author":{"name":"comunicacio","@id":"https:\/\/aspanin.cat\/es\/#\/schema\/person\/bbbea8708fbbac7fb2cac0d8a6c3a92c"},"headline":"Firma del convenio con la Fundaci\u00f3 Privada Llegat Roca i Pi","datePublished":"2024-03-26T10:05:10+00:00","dateModified":"2024-03-27T17:36:09+00:00","mainEntityOfPage":{"@id":"https:\/\/aspanin.cat\/es\/firma-del-convenio-con-la-fundacio-privada-llegat-roca-i-pi\/"},"wordCount":231,"publisher":{"@id":"https:\/\/aspanin.cat\/es\/#organization"},"image":{"@id":"https:\/\/aspanin.cat\/es\/firma-del-convenio-con-la-fundacio-privada-llegat-roca-i-pi\/#primaryimage"},"thumbnailUrl":"https:\/\/aspanin.cat\/wp-content\/uploads\/2024\/03\/1-GRUP-convenis2024RocaiPi-entitats-scaled.jpg","articleSection":["Sin categorizar"],"inLanguage":"es"},{"@type":"WebPage","@id":"https:\/\/aspanin.cat\/es\/firma-del-convenio-con-la-fundacio-privada-llegat-roca-i-pi\/","url":"https:\/\/aspanin.cat\/es\/firma-del-convenio-con-la-fundacio-privada-llegat-roca-i-pi\/","name":"Firma del convenio con la Fundaci\u00f3 Privada Llegat Roca i Pi - ASPANIN","isPartOf":{"@id":"https:\/\/aspanin.cat\/es\/#website"},"primaryImageOfPage":{"@id":"https:\/\/aspanin.cat\/es\/firma-del-convenio-con-la-fundacio-privada-llegat-roca-i-pi\/#primaryimage"},"image":{"@id":"https:\/\/aspanin.cat\/es\/firma-del-convenio-con-la-fundacio-privada-llegat-roca-i-pi\/#primaryimage"},"thumbnailUrl":"https:\/\/aspanin.cat\/wp-content\/uploads\/2024\/03\/1-GRUP-convenis2024RocaiPi-entitats-scaled.jpg","datePublished":"2024-03-26T10:05:10+00:00","dateModified":"2024-03-27T17:36:09+00:00","inLanguage":"es","potentialAction":[{"@type":"ReadAction","target":["https:\/\/aspanin.cat\/es\/firma-del-convenio-con-la-fundacio-privada-llegat-roca-i-pi\/"]}]},{"@type":"ImageObject","inLanguage":"es","@id":"https:\/\/aspanin.cat\/es\/firma-del-convenio-con-la-fundacio-privada-llegat-roca-i-pi\/#primaryimage","url":"https:\/\/aspanin.cat\/wp-content\/uploads\/2024\/03\/1-GRUP-convenis2024RocaiPi-entitats-scaled.jpg","contentUrl":"https:\/\/aspanin.cat\/wp-content\/uploads\/2024\/03\/1-GRUP-convenis2024RocaiPi-entitats-scaled.jpg","width":2560,"height":1591},{"@type":"WebSite","@id":"https:\/\/aspanin.cat\/es\/#website","url":"https:\/\/aspanin.cat\/es\/","name":"ASPANIN","description":"Pro persones amb discapacitat intel\u00b7lectual i les seves fam\u00edlies","publisher":{"@id":"https:\/\/aspanin.cat\/es\/#organization"},"potentialAction":[{"@type":"SearchAction","target":{"@type":"EntryPoint","urlTemplate":"https:\/\/aspanin.cat\/es\/?s={search_term_string}"},"query-input":{"@type":"PropertyValueSpecification","valueRequired":true,"valueName":"search_term_string"}}],"inLanguage":"es"},{"@type":"Organization","@id":"https:\/\/aspanin.cat\/es\/#organization","name":"ASPANIN","url":"https:\/\/aspanin.cat\/es\/","logo":{"@type":"ImageObject","inLanguage":"es","@id":"https:\/\/aspanin.cat\/es\/#\/schema\/logo\/image\/","url":"https:\/\/aspanin.cat\/wp-content\/uploads\/2020\/07\/logo.gif","contentUrl":"https:\/\/aspanin.cat\/wp-content\/uploads\/2020\/07\/logo.gif","width":587,"height":190,"caption":"ASPANIN"},"image":{"@id":"https:\/\/aspanin.cat\/es\/#\/schema\/logo\/image\/"}},{"@type":"Person","@id":"https:\/\/aspanin.cat\/es\/#\/schema\/person\/bbbea8708fbbac7fb2cac0d8a6c3a92c","name":"comunicacio","image":{"@type":"ImageObject","inLanguage":"es","@id":"https:\/\/secure.gravatar.com\/avatar\/b722203796b4af835d22cacca42cd3c0154c3f9c39f29a59300bd9253e4a84d3?s=96&d=mm&r=g","url":"https:\/\/secure.gravatar.com\/avatar\/b722203796b4af835d22cacca42cd3c0154c3f9c39f29a59300bd9253e4a84d3?s=96&d=mm&r=g","contentUrl":"https:\/\/secure.gravatar.com\/avatar\/b722203796b4af835d22cacca42cd3c0154c3f9c39f29a59300bd9253e4a84d3?s=96&d=mm&r=g","caption":"comunicacio"},"url":"https:\/\/aspanin.cat\/es\/author\/comunicacio\/"}]}},"_links":{"self":[{"href":"https:\/\/aspanin.cat\/es\/wp-json\/wp\/v2\/posts\/13402","targetHints":{"allow":["GET"]}}],"collection":[{"href":"https:\/\/aspanin.cat\/es\/wp-json\/wp\/v2\/posts"}],"about":[{"href":"https:\/\/aspanin.cat\/es\/wp-json\/wp\/v2\/types\/post"}],"author":[{"embeddable":true,"href":"https:\/\/aspanin.cat\/es\/wp-json\/wp\/v2\/users\/2"}],"replies":[{"embeddable":true,"href":"https:\/\/aspanin.cat\/es\/wp-json\/wp\/v2\/comments?post=13402"}],"version-history":[{"count":3,"href":"https:\/\/aspanin.cat\/es\/wp-json\/wp\/v2\/posts\/13402\/revisions"}],"predecessor-version":[{"id":13405,"href":"https:\/\/aspanin.cat\/es\/wp-json\/wp\/v2\/posts\/13402\/revisions\/13405"}],"wp:featuredmedia":[{"embeddable":true,"href":"https:\/\/aspanin.cat\/es\/wp-json\/wp\/v2\/media\/13384"}],"wp:attachment":[{"href":"https:\/\/aspanin.cat\/es\/wp-json\/wp\/v2\/media?parent=13402"}],"wp:term":[{"taxonomy":"category","embeddable":true,"href":"https:\/\/aspanin.cat\/es\/wp-json\/wp\/v2\/categories?post=13402"},{"taxonomy":"post_tag","embeddable":true,"href":"https:\/\/aspanin.cat\/es\/wp-json\/wp\/v2\/tags?post=13402"}],"curies":[{"name":"wp","href":"https:\/\/api.w.org\/{rel}","templated":true}]}}